{"id":36887,"date":"2023-11-14T21:35:26","date_gmt":"2023-11-15T03:35:26","guid":{"rendered":"https:\/\/elconspirador.com.mx\/?p=36887"},"modified":"2023-11-14T21:04:37","modified_gmt":"2023-11-15T03:04:37","slug":"laura-sepulveda-nueva-dirigente-del-ccme","status":"publish","type":"post","link":"https:\/\/elconspirador.com.mx\/?p=36887","title":{"rendered":"LAURA SEPULVEDA NUEVA DIRIGENTE DEL CCME"},"content":{"rendered":"<p class=\"s2\">Laura Sep\u00falveda Antuna ser\u00e1 la Presidenta del Consejo Coordinador de Mujeres Empresarias en Quer\u00e9taro (CCME) y el pr\u00f3ximo 15 de noviembre tomar\u00e1 protesta al frente de este organismo.<\/p>\n<p class=\"s2\">La presidenta a nivel nacional, Sof\u00eda P\u00e9rez Gasque Muslera tomar\u00e1 la protesta en el Club de Industriales a Laura Sep\u00falveda Antuna, despu\u00e9s de que Alicia Torres Cu\u00e9 deje \u00e9ste cargo donde permaneci\u00f3 desde 2021.<\/p>\n<p class=\"s2\">Cabe destacar que Laura Sep\u00falveda Antuna es arquitecta y empresaria en diversos sectores, por lo que es reconocida por su tenacidad visionaria, tecnol\u00f3gica y desarrollo empresarial de proyectos exitosos, en el sector de la construcci\u00f3n industrial, inmobiliario y financiero.<\/p>\n<p class=\"s2\">La trayectoria de Laura est\u00e1 llena de distinciones y reconocimientos, tales como el &#8220;M\u00e9rito Empresarial 2019&#8221; otorgado por Coparmex Quer\u00e9taro, el galard\u00f3n &#8220;Global forPeace M\u00e9xico 2021&#8221;, Coordinadora Nacional de Mujeres Empresarias por la Paz por la \u201cRed Voz por la Paz de M\u00e9xico y Argentina\u201d, Empresaria del A\u00f1o 2021 por el \u201cLatin American Quality Institute\u201d entre otros.<\/p>\n<p class=\"s2\">Tambi\u00e9n destaca su papel como Consejera en diversos consejos directivos y ciudadanos, as\u00ed como su participaci\u00f3n en organizaciones y proyectos a favor del bienestar y desarrollo sostenible, es mentora y asesora en espacios de emprendimiento e innovaci\u00f3n y escritora en diversos medios de comunicaci\u00f3n.<\/p>\n<p class=\"s2\">Es Presidenta de la fundaci\u00f3n GRANDEZA DE LAS MUJERES MEXICANAS, A.C. desde 2020.<\/p>\n<p class=\"s2\">Laura Sepulveda Antuna es una emprendedora, l\u00edder social y promotora del cambio, cuyo legado se centra en propagar el bienestar y la consciencia socio-ambiental en la humanidad. Su filosof\u00eda &#8220;Transformamos Vidas Mejorando Espacios a Trav\u00e9s de Nuestros Colaboradores&#8221; refleja su compromiso con la comunidad y su enfoque en un desarrollo integral\u00a0y\u00a0sostenible, actualmente desarrolla proyectos de econom\u00eda circular llamados \u201cSimbiosis Industrial\u201d.<\/p>\n<p class=\"s2\">El Consejo Coordinador de Mujeres Empresarias Quer\u00e9taro (CCME), nace en el a\u00f1o 2014, la idea fue de Sof\u00eda P\u00e9rez Gasque Muslera quien reuni\u00f3 a mujeres l\u00edderes de los distintos sectores empresariales en el estado de Jalisco, para sumar voluntades y as\u00ed poder darles voz, creando as\u00ed este organismo, expandiendo el liderazgo compartido a nivel Nacional, actualmente se tiene presencia en 20 estados.<\/p>\n<p class=\"s2\">Es importante mencionar que la misi\u00f3n del Consejo Coordinador de Mujeres Empresarias es promover que el desarrollo econ\u00f3mico de M\u00e9xico cuente con perspectiva de g\u00e9nero mediante la incidencia de mujeres l\u00edderes que representan distintos organismos, fomentando la participaci\u00f3n activa y formal de todas las mujeres en la vida econ\u00f3mica\u00a0del\u00a0pa\u00eds.<\/p>\n<p class=\"s2\">Los objetivos del CCME son:<\/p>\n<p class=\"s2\">1. Dar voz a las mujeres empresarias y altas ejecutivas en lugares de toma de decisi\u00f3n privados y p\u00fablicos.<\/p>\n<p class=\"s2\">2.Ser referente nacional, estatal y municipal al coadyuvar en la generaci\u00f3n de informaci\u00f3n relevante, con Perspectiva de G\u00e9nero.<\/p>\n<p class=\"s2\">3. Reducir la brecha econ\u00f3mica entre la mujer empresaria consolidada y mujer\u00a0de\u00a0negocios.<\/p>\n<p class=\"s2\">Laura Sep\u00falveda Antuna ser\u00e1 la encargada de trabajar en Quer\u00e9taro con los valores de la Sororidad, Congruencia, \u00c9tica, Liderazgo, Colaboraci\u00f3n y Empat\u00eda con las mujeres empresarias durante su periodo como presidenta del Consejo Coordinador de Mujeres\u00a0Empresarias en el per\u00edodo 2023-2025.<\/p>\n","protected":false},"excerpt":{"rendered":"<p>Laura Sep\u00falveda Antuna ser\u00e1 la Presidenta del Consejo Coordinador de Mujeres Empresarias en Quer\u00e9taro (CCME) y el pr\u00f3ximo 15 de noviembre tomar\u00e1 protesta al frente de este organismo. La presidenta a nivel nacional, Sof\u00eda P\u00e9rez Gasque Muslera tomar\u00e1 la protesta en el Club de Industriales a Laura Sep\u00falveda Antuna, despu\u00e9s de que Alicia Torres Cu\u00e9 deje \u00e9ste cargo donde permaneci\u00f3<\/p>\n<div class=\"h10\"><\/div>\n<p><a class=\"more-link2 flat\" href=\"https:\/\/elconspirador.com.mx\/?p=36887\">Leer m\u00e1s<\/a><\/p>\n","protected":false},"author":1,"featured_media":36888,"comment_status":"open","ping_status":"open","sticky":false,"template":"","format":"standard","meta":{"om_disable_all_campaigns":false,"_uf_show_specific_survey":0,"_uf_disable_surveys":false},"categories":[1],"tags":[],"aioseo_notices":[],"_links":{"self":[{"href":"https:\/\/elconspirador.com.mx\/index.php?rest_route=\/wp\/v2\/posts\/36887"}],"collection":[{"href":"https:\/\/elconspirador.com.mx\/index.php?rest_route=\/wp\/v2\/posts"}],"about":[{"href":"https:\/\/elconspirador.com.mx\/index.php?rest_route=\/wp\/v2\/types\/post"}],"author":[{"embeddable":true,"href":"https:\/\/elconspirador.com.mx\/index.php?rest_route=\/wp\/v2\/users\/1"}],"replies":[{"embeddable":true,"href":"https:\/\/elconspirador.com.mx\/index.php?rest_route=%2Fwp%2Fv2%2Fcomments&post=36887"}],"version-history":[{"count":1,"href":"https:\/\/elconspirador.com.mx\/index.php?rest_route=\/wp\/v2\/posts\/36887\/revisions"}],"predecessor-version":[{"id":36889,"href":"https:\/\/elconspirador.com.mx\/index.php?rest_route=\/wp\/v2\/posts\/36887\/revisions\/36889"}],"wp:featuredmedia":[{"embeddable":true,"href":"https:\/\/elconspirador.com.mx\/index.php?rest_route=\/wp\/v2\/media\/36888"}],"wp:attachment":[{"href":"https:\/\/elconspirador.com.mx\/index.php?rest_route=%2Fwp%2Fv2%2Fmedia&parent=36887"}],"wp:term":[{"taxonomy":"category","embeddable":true,"href":"https:\/\/elconspirador.com.mx\/index.php?rest_route=%2Fwp%2Fv2%2Fcategories&post=36887"},{"taxonomy":"post_tag","embeddable":true,"href":"https:\/\/elconspirador.com.mx\/index.php?rest_route=%2Fwp%2Fv2%2Ftags&post=36887"}],"curies":[{"name":"wp","href":"https:\/\/api.w.org\/{rel}","templated":true}]}}