{"id":36890,"date":"2023-11-13T12:16:35","date_gmt":"2023-11-13T18:16:35","guid":{"rendered":"https:\/\/elconspirador.com.mx\/?p=36890"},"modified":"2023-11-13T12:16:35","modified_gmt":"2023-11-13T18:16:35","slug":"lista-la-muestra-nacional-de-cabras-en-la-feria-de-queretaro","status":"publish","type":"post","link":"https:\/\/elconspirador.com.mx\/?p=36890","title":{"rendered":"LISTA LA MUESTRA NACIONAL DE CABRAS EN LA FERIA DE QUER\u00c9TARO"},"content":{"rendered":"<p>\u201cInvitamos a todos los caprinocultores queretanos, no s\u00f3lo a los agremiados, a participar en la Tercera Muestra Nacional de Todas las Razas Caprinas, en la Feria Internacional Ganadera Quer\u00e9taro 2023\u201d, dijo el Presidente de los Caprinocultores, Francisco Garc\u00eda Herrera.<\/p>\n<p>El \u00fanico requisito \u2013se\u00f1al\u00f3- es que los productores cumplan con los requisitos sanitarios. Para mayores informes se pueden comunicar al what&#8217;s (448) 121-6195 y (427) 104-3429.<\/p>\n<p>La muestra nacional caprina se llevar\u00e1 a cabo del 23 de noviembre al 3 de diciembre, con jueces extranjeros, cursos, talleres, conferencias, degustaci\u00f3n de platillos con carne y leche de cabra y eventos culturales en su teatro improvisado dentro de la carpa de las cabras.<\/p>\n<p>Participar\u00e1n las razas Criolla queretana, Criolla oaxaque\u00f1a, Saanen, Alpino franc\u00e9s, Toggenburg y Anglo Nubia.<\/p>\n<p>Los eventos culturales con obras de teatro y un Ballet Folkl\u00f3rico, ser\u00e1n a partir de las 16:00 horas, del 23 de noviembre al 2 de diciembre.<\/p>\n<p>Para que todo el p\u00fablico vaya a los eventos, Francisco Garc\u00eda dio a conocer el programa que incluye el viernes 24 de noviembre, a las 16.00 horas, la Conferencia sobre Cabras Criolla Queretana.<\/p>\n<p>El s\u00e1bado 25 de noviembre, 11.00 horas, taller \u201cC\u00f3mo hacer quesos de cabra en casa\u201d, dirigido a todos los que deseen iniciar un negocio o a las amas de casa que desean ahorrar en el gasto familiar.<\/p>\n<p>Domingo 26 de noviembre, 13.00 horas, conferencia \u201cLeche de cabra en la nutrici\u00f3n infantil\u201d; lunes 27, a las 16.00 horas, Curso de capacitaci\u00f3n Clamidia en peque\u00f1os rumiantes; el martes 28 de noviembre, 15.30 horas, curso \u201cEmprendimiento en la cultura caprina\u201d.<\/p>\n<p>El mi\u00e9rcoles 29, a las 15.30 horas, curso de capacitaci\u00f3n \u201cAlimentaci\u00f3n pr\u00e1ctica de la cabra lechera y manejo de la cr\u00eda al nacimiento\u201d y Taller de est\u00e9tica caprina en cabras de leche; el jueves 30 de noviembre a las 16.00 horas, Curso de est\u00e9tica caprina en cabra de carne.<\/p>\n<p>Finalmente el s\u00e1bado 2 de diciembre 9.00 horas, la Calificaci\u00f3n de Ganado C\u00e1rnico Caprino, y a las 18.30 horas Curso de capacitaci\u00f3n con juez extranjero.<\/p>\n<p>Para mayores informes se puede acceder a la p\u00e1gina www.feriadequeretaro.mx y en las redes sociales de la Feria, en facebook @feriadeqro, en Instagram @feria.ganadera.qro.<\/p>\n<p>#LaFeriaSomosTodos<br \/>\n#LaFeriadeQuer\u00e9taro<\/p>\n","protected":false},"excerpt":{"rendered":"<p>\u201cInvitamos a todos los caprinocultores queretanos, no s\u00f3lo a los agremiados, a participar en la Tercera Muestra Nacional de Todas las Razas Caprinas, en la Feria Internacional Ganadera Quer\u00e9taro 2023\u201d, dijo el Presidente de los Caprinocultores, Francisco Garc\u00eda Herrera. El \u00fanico requisito \u2013se\u00f1al\u00f3- es que los productores cumplan con los requisitos sanitarios. Para mayores informes se pueden comunicar al what&#8217;s<\/p>\n<div class=\"h10\"><\/div>\n<p><a class=\"more-link2 flat\" href=\"https:\/\/elconspirador.com.mx\/?p=36890\">Leer m\u00e1s<\/a><\/p>\n","protected":false},"author":1,"featured_media":36891,"comment_status":"open","ping_status":"open","sticky":false,"template":"","format":"standard","meta":{"om_disable_all_campaigns":false,"_uf_show_specific_survey":0,"_uf_disable_surveys":false},"categories":[1],"tags":[],"aioseo_notices":[],"_links":{"self":[{"href":"https:\/\/elconspirador.com.mx\/index.php?rest_route=\/wp\/v2\/posts\/36890"}],"collection":[{"href":"https:\/\/elconspirador.com.mx\/index.php?rest_route=\/wp\/v2\/posts"}],"about":[{"href":"https:\/\/elconspirador.com.mx\/index.php?rest_route=\/wp\/v2\/types\/post"}],"author":[{"embeddable":true,"href":"https:\/\/elconspirador.com.mx\/index.php?rest_route=\/wp\/v2\/users\/1"}],"replies":[{"embeddable":true,"href":"https:\/\/elconspirador.com.mx\/index.php?rest_route=%2Fwp%2Fv2%2Fcomments&post=36890"}],"version-history":[{"count":1,"href":"https:\/\/elconspirador.com.mx\/index.php?rest_route=\/wp\/v2\/posts\/36890\/revisions"}],"predecessor-version":[{"id":36892,"href":"https:\/\/elconspirador.com.mx\/index.php?rest_route=\/wp\/v2\/posts\/36890\/revisions\/36892"}],"wp:featuredmedia":[{"embeddable":true,"href":"https:\/\/elconspirador.com.mx\/index.php?rest_route=\/wp\/v2\/media\/36891"}],"wp:attachment":[{"href":"https:\/\/elconspirador.com.mx\/index.php?rest_route=%2Fwp%2Fv2%2Fmedia&parent=36890"}],"wp:term":[{"taxonomy":"category","embeddable":true,"href":"https:\/\/elconspirador.com.mx\/index.php?rest_route=%2Fwp%2Fv2%2Fcategories&post=36890"},{"taxonomy":"post_tag","embeddable":true,"href":"https:\/\/elconspirador.com.mx\/index.php?rest_route=%2Fwp%2Fv2%2Ftags&post=36890"}],"curies":[{"name":"wp","href":"https:\/\/api.w.org\/{rel}","templated":true}]}}