{"id":36905,"date":"2023-11-13T15:21:44","date_gmt":"2023-11-13T21:21:44","guid":{"rendered":"https:\/\/elconspirador.com.mx\/?p=36905"},"modified":"2023-11-13T15:21:44","modified_gmt":"2023-11-13T21:21:44","slug":"corregidora-sera-sede-del-festival-internacional-de-tango","status":"publish","type":"post","link":"https:\/\/elconspirador.com.mx\/?p=36905","title":{"rendered":"CORREGIDORA SER\u00c1 SEDE DEL FESTIVAL INTERNACIONAL DE TANGO"},"content":{"rendered":"<p style=\"font-weight: 400;\">El municipio de Corregidora ser\u00e1 una de las sedes del 2\u00ba Festival Internacional de Tango de la Universidad Aut\u00f3noma de Quer\u00e9taro (UAQ). El 16 de noviembre, en la Plaza Gran Cu\u00e9, las y los ciudadanos podr\u00e1n disfrutar de actividades y espect\u00e1culos art\u00edsticos, as\u00ed como degustar de la gastronom\u00eda argentina, inform\u00f3 Esther Carboney Echave, secretaria de Desarrollo Econ\u00f3mico de municipal, quien resalt\u00f3 que la entrada es libre.<\/p>\n<p style=\"font-weight: 400;\">La funcionar\u00eda resalt\u00f3 la importancia que tiene para Corregidora ser escenario de este tipo de eventos, especialmente con el Alma Mater con la cual se tiene una gran colaboraci\u00f3n. De igual manera detall\u00f3 las actividades que se llevar\u00e1n a cabo con motivo de este festival.<\/p>\n<p style=\"font-weight: 400;\">\u201cLa Universidad Aut\u00f3noma de Quer\u00e9taro tiene la segunda edici\u00f3n del Festival del Tango, y la inauguraci\u00f3n va a ser aqu\u00ed, en la Plaza Gran Cu\u00e9, en Corregidora. Tendremos, a partir de las 6:00 de la tarde, el 16 de noviembre, una clase muestra a cargo de Adriana Torman y Daniel Ram\u00edrez; a las 7:00 es la inauguraci\u00f3n oficial; a las 7:30 habr\u00e1 un concierto, \u201cDel Tango a Triana\u201d, a cargo de Alborea; a las 8:00, una presentaci\u00f3n de \u201cUn tango para dos\u201d; y a las 8:30 la presentaci\u00f3n de \u201cEs M\u00e1gico\u201d, a cargo de la Compa\u00f1\u00eda Falak\u201d, destac\u00f3.<\/p>\n<p style=\"font-weight: 400;\">Enfatiz\u00f3 que la entrada es gratuita y que los asistentes podr\u00e1n conocer y disfrutar tanto del arte como de la gastronom\u00eda argentina. \u201cEs un gran evento, para que toda la gente nos acompa\u00f1e\u201d, concluy\u00f3.<\/p>\n","protected":false},"excerpt":{"rendered":"<p>El municipio de Corregidora ser\u00e1 una de las sedes del 2\u00ba Festival Internacional de Tango de la Universidad Aut\u00f3noma de Quer\u00e9taro (UAQ). El 16 de noviembre, en la Plaza Gran Cu\u00e9, las y los ciudadanos podr\u00e1n disfrutar de actividades y espect\u00e1culos art\u00edsticos, as\u00ed como degustar de la gastronom\u00eda argentina, inform\u00f3 Esther Carboney Echave, secretaria de Desarrollo Econ\u00f3mico de municipal, quien<\/p>\n<div class=\"h10\"><\/div>\n<p><a class=\"more-link2 flat\" href=\"https:\/\/elconspirador.com.mx\/?p=36905\">Leer m\u00e1s<\/a><\/p>\n","protected":false},"author":1,"featured_media":36906,"comment_status":"open","ping_status":"open","sticky":false,"template":"","format":"standard","meta":{"om_disable_all_campaigns":false,"_uf_show_specific_survey":0,"_uf_disable_surveys":false},"categories":[1],"tags":[],"aioseo_notices":[],"_links":{"self":[{"href":"https:\/\/elconspirador.com.mx\/index.php?rest_route=\/wp\/v2\/posts\/36905"}],"collection":[{"href":"https:\/\/elconspirador.com.mx\/index.php?rest_route=\/wp\/v2\/posts"}],"about":[{"href":"https:\/\/elconspirador.com.mx\/index.php?rest_route=\/wp\/v2\/types\/post"}],"author":[{"embeddable":true,"href":"https:\/\/elconspirador.com.mx\/index.php?rest_route=\/wp\/v2\/users\/1"}],"replies":[{"embeddable":true,"href":"https:\/\/elconspirador.com.mx\/index.php?rest_route=%2Fwp%2Fv2%2Fcomments&post=36905"}],"version-history":[{"count":2,"href":"https:\/\/elconspirador.com.mx\/index.php?rest_route=\/wp\/v2\/posts\/36905\/revisions"}],"predecessor-version":[{"id":36908,"href":"https:\/\/elconspirador.com.mx\/index.php?rest_route=\/wp\/v2\/posts\/36905\/revisions\/36908"}],"wp:featuredmedia":[{"embeddable":true,"href":"https:\/\/elconspirador.com.mx\/index.php?rest_route=\/wp\/v2\/media\/36906"}],"wp:attachment":[{"href":"https:\/\/elconspirador.com.mx\/index.php?rest_route=%2Fwp%2Fv2%2Fmedia&parent=36905"}],"wp:term":[{"taxonomy":"category","embeddable":true,"href":"https:\/\/elconspirador.com.mx\/index.php?rest_route=%2Fwp%2Fv2%2Fcategories&post=36905"},{"taxonomy":"post_tag","embeddable":true,"href":"https:\/\/elconspirador.com.mx\/index.php?rest_route=%2Fwp%2Fv2%2Ftags&post=36905"}],"curies":[{"name":"wp","href":"https:\/\/api.w.org\/{rel}","templated":true}]}}