{"id":37030,"date":"2023-11-17T08:26:25","date_gmt":"2023-11-17T14:26:25","guid":{"rendered":"https:\/\/elconspirador.com.mx\/?p=37030"},"modified":"2023-11-17T08:26:25","modified_gmt":"2023-11-17T14:26:25","slug":"sosa-va-al-2024-aunque-no-sea-al-senado","status":"publish","type":"post","link":"https:\/\/elconspirador.com.mx\/?p=37030","title":{"rendered":"SOSA VA AL 2024\u2026 AUNQUE NO SEA AL SENADO"},"content":{"rendered":"<p>Aunque a\u00fan no est\u00e1 definido el cargo de elecci\u00f3n popular que buscar\u00e1, Roberto Sosa Pichardo, presidente municipal de Corregidora, afirm\u00f3 que est\u00e1 a la espera de que el Partido Acci\u00f3n Nacional (PAN) emita las convocatorias correspondientes.<\/p>\n<p>Record\u00f3 que su inter\u00e9s inicial es el Senado de la Rep\u00fablica, aunque tiene otras opciones pol\u00edticas como una diputaci\u00f3n federal como local, por lo que insisti\u00f3 que est\u00e1 a la espera de las decisiones que tome el blanquiazul.<\/p>\n<p>\u201cEstamos esperando los tiempos y por supuesto que lo he platicado mucho, sigo so\u00f1ando con seguir sirviendo a la gente del estado de Quer\u00e9taro, estamos esperando los tiempos del partido, no tarda\u201d, dijo.<\/p>\n<p>Reconoci\u00f3 que dos de los retos que hay en Corregidora son seguridad, por la cercan\u00eda con el estado de Guanajuato, y el crecimiento ordenado de la ciudad. Detall\u00f3 que, por ejemplo, en seguridad cada a\u00f1o se destinan cerca de 650 millones de pesos.<\/p>\n<p>\u201cEstoy muy contento, estoy satisfecho; sin embargo, tengo clar\u00edsimo que falta todav\u00eda mucho por hacer en el municipio de Corregidora, un municipio que ha crecido mucho no solamente por la administraci\u00f3n de nosotros, si no a trav\u00e9s del tiempo\u201d, apunt\u00f3.<\/p>\n","protected":false},"excerpt":{"rendered":"<p>Aunque a\u00fan no est\u00e1 definido el cargo de elecci\u00f3n popular que buscar\u00e1, Roberto Sosa Pichardo, presidente municipal de Corregidora, afirm\u00f3 que est\u00e1 a la espera de que el Partido Acci\u00f3n Nacional (PAN) emita las convocatorias correspondientes. Record\u00f3 que su inter\u00e9s inicial es el Senado de la Rep\u00fablica, aunque tiene otras opciones pol\u00edticas como una diputaci\u00f3n federal como local, por lo<\/p>\n<div class=\"h10\"><\/div>\n<p><a class=\"more-link2 flat\" href=\"https:\/\/elconspirador.com.mx\/?p=37030\">Leer m\u00e1s<\/a><\/p>\n","protected":false},"author":1,"featured_media":37031,"comment_status":"open","ping_status":"open","sticky":false,"template":"","format":"standard","meta":{"om_disable_all_campaigns":false,"_uf_show_specific_survey":0,"_uf_disable_surveys":false},"categories":[1],"tags":[],"aioseo_notices":[],"_links":{"self":[{"href":"https:\/\/elconspirador.com.mx\/index.php?rest_route=\/wp\/v2\/posts\/37030"}],"collection":[{"href":"https:\/\/elconspirador.com.mx\/index.php?rest_route=\/wp\/v2\/posts"}],"about":[{"href":"https:\/\/elconspirador.com.mx\/index.php?rest_route=\/wp\/v2\/types\/post"}],"author":[{"embeddable":true,"href":"https:\/\/elconspirador.com.mx\/index.php?rest_route=\/wp\/v2\/users\/1"}],"replies":[{"embeddable":true,"href":"https:\/\/elconspirador.com.mx\/index.php?rest_route=%2Fwp%2Fv2%2Fcomments&post=37030"}],"version-history":[{"count":1,"href":"https:\/\/elconspirador.com.mx\/index.php?rest_route=\/wp\/v2\/posts\/37030\/revisions"}],"predecessor-version":[{"id":37032,"href":"https:\/\/elconspirador.com.mx\/index.php?rest_route=\/wp\/v2\/posts\/37030\/revisions\/37032"}],"wp:featuredmedia":[{"embeddable":true,"href":"https:\/\/elconspirador.com.mx\/index.php?rest_route=\/wp\/v2\/media\/37031"}],"wp:attachment":[{"href":"https:\/\/elconspirador.com.mx\/index.php?rest_route=%2Fwp%2Fv2%2Fmedia&parent=37030"}],"wp:term":[{"taxonomy":"category","embeddable":true,"href":"https:\/\/elconspirador.com.mx\/index.php?rest_route=%2Fwp%2Fv2%2Fcategories&post=37030"},{"taxonomy":"post_tag","embeddable":true,"href":"https:\/\/elconspirador.com.mx\/index.php?rest_route=%2Fwp%2Fv2%2Ftags&post=37030"}],"curies":[{"name":"wp","href":"https:\/\/api.w.org\/{rel}","templated":true}]}}