{"id":37088,"date":"2023-11-17T07:00:17","date_gmt":"2023-11-17T13:00:17","guid":{"rendered":"https:\/\/elconspirador.com.mx\/?p=37088"},"modified":"2023-11-17T07:00:17","modified_gmt":"2023-11-17T13:00:17","slug":"nava-apoyara-a-la-comunidad-del-nabo-en-2024","status":"publish","type":"post","link":"https:\/\/elconspirador.com.mx\/?p=37088","title":{"rendered":"NAVA APOYAR\u00c1 A LA COMUNIDAD DEL NABO EN 2024"},"content":{"rendered":"<p>Luis Bernardo Nava Guerrero, presidente municipal de Quer\u00e9taro, dio a conocer que est\u00e1 a la espera de que se notifique cu\u00e1les fueron las necesidades expuestas por habitantes de El Nabo, para analizar si podr\u00edan considerar recursos para el 2024.<\/p>\n<p>\u201cSupe del acercamiento, seguramente nos pasaran de manera formal los resultados, inquietudes, es parte de la programaci\u00f3n que tendremos que hacer el a\u00f1o que entra con los recursos del fondo para la infraestructura social municipal, tenemos muchas necesidades, el tema principal era el de la CFE\u201d, dijo.<\/p>\n<p>Coment\u00f3 que, tras la problem\u00e1tica ocasionada por la falta de energ\u00eda en la zona norte, sostuvo di\u00e1logo con el superintendente Julio Oropeza para conocer c\u00f3mo apoyar a la Comisi\u00f3n Federal de Electricidad (CFE) con dicha situaci\u00f3n.<\/p>\n<p>Mencion\u00f3 que la ciudadan\u00eda puede confundirse sobre a qui\u00e9n le toca garantizar el servicio de energ\u00eda pues el municipio se encarga del alumbrado p\u00fablico, y reiter\u00f3 que hablaron sobre coordinarse para trabajar conjuntantemente.<\/p>\n<p>\u201cTuve una llamada con Oropeza para poder conocer c\u00f3mo iban, si requer\u00edan alg\u00fan apoyo por parte del municipio y que la ciudadan\u00eda sepa de qui\u00e9n es la competencia de la energ\u00eda el\u00e9ctrica\u201d, dijo.<\/p>\n<p>Adem\u00e1s, dio a conocer que durante la falla de energ\u00eda se incrementaron los rondines de la Secretar\u00eda de Seguridad P\u00fablica municipal de Quer\u00e9taro (SSPMQ) para garantizar la seguridad.<\/p>\n","protected":false},"excerpt":{"rendered":"<p>Luis Bernardo Nava Guerrero, presidente municipal de Quer\u00e9taro, dio a conocer que est\u00e1 a la espera de que se notifique cu\u00e1les fueron las necesidades expuestas por habitantes de El Nabo, para analizar si podr\u00edan considerar recursos para el 2024. \u201cSupe del acercamiento, seguramente nos pasaran de manera formal los resultados, inquietudes, es parte de la programaci\u00f3n que tendremos que hacer<\/p>\n<div class=\"h10\"><\/div>\n<p><a class=\"more-link2 flat\" href=\"https:\/\/elconspirador.com.mx\/?p=37088\">Leer m\u00e1s<\/a><\/p>\n","protected":false},"author":1,"featured_media":37122,"comment_status":"open","ping_status":"open","sticky":false,"template":"","format":"standard","meta":{"om_disable_all_campaigns":false,"_uf_show_specific_survey":0,"_uf_disable_surveys":false},"categories":[1],"tags":[],"aioseo_notices":[],"_links":{"self":[{"href":"https:\/\/elconspirador.com.mx\/index.php?rest_route=\/wp\/v2\/posts\/37088"}],"collection":[{"href":"https:\/\/elconspirador.com.mx\/index.php?rest_route=\/wp\/v2\/posts"}],"about":[{"href":"https:\/\/elconspirador.com.mx\/index.php?rest_route=\/wp\/v2\/types\/post"}],"author":[{"embeddable":true,"href":"https:\/\/elconspirador.com.mx\/index.php?rest_route=\/wp\/v2\/users\/1"}],"replies":[{"embeddable":true,"href":"https:\/\/elconspirador.com.mx\/index.php?rest_route=%2Fwp%2Fv2%2Fcomments&post=37088"}],"version-history":[{"count":1,"href":"https:\/\/elconspirador.com.mx\/index.php?rest_route=\/wp\/v2\/posts\/37088\/revisions"}],"predecessor-version":[{"id":37123,"href":"https:\/\/elconspirador.com.mx\/index.php?rest_route=\/wp\/v2\/posts\/37088\/revisions\/37123"}],"wp:featuredmedia":[{"embeddable":true,"href":"https:\/\/elconspirador.com.mx\/index.php?rest_route=\/wp\/v2\/media\/37122"}],"wp:attachment":[{"href":"https:\/\/elconspirador.com.mx\/index.php?rest_route=%2Fwp%2Fv2%2Fmedia&parent=37088"}],"wp:term":[{"taxonomy":"category","embeddable":true,"href":"https:\/\/elconspirador.com.mx\/index.php?rest_route=%2Fwp%2Fv2%2Fcategories&post=37088"},{"taxonomy":"post_tag","embeddable":true,"href":"https:\/\/elconspirador.com.mx\/index.php?rest_route=%2Fwp%2Fv2%2Ftags&post=37088"}],"curies":[{"name":"wp","href":"https:\/\/api.w.org\/{rel}","templated":true}]}}