{"id":37090,"date":"2023-11-16T13:20:27","date_gmt":"2023-11-16T19:20:27","guid":{"rendered":"https:\/\/elconspirador.com.mx\/?p=37090"},"modified":"2023-11-16T13:20:53","modified_gmt":"2023-11-16T19:20:53","slug":"mueren-2-en-fatal-choque-en-los-cues","status":"publish","type":"post","link":"https:\/\/elconspirador.com.mx\/?p=37090","title":{"rendered":"MUEREN DOS EN FATAL CHOQUE EN LOS CUES"},"content":{"rendered":"<p>Polic\u00edas municipales acudieron a atender una llamada a la l\u00ednea de emergencia 9-1-1, d\u00f3nde se inform\u00f3 de un choque frontal en la Carretera Estatal 431 km 7+800 , a la altura de la comunidad de Los Cues, en el que se vieron involucrados una camioneta de transporte de personal y un autom\u00f3vil.<\/p>\n<p>Al arrib\u00f3 de los cuerpos de emergencias para la valoraci\u00f3n de los tripulantes, se valoraron a 5 lesionados , as\u00ed mismo visualizaron a un Masculino de 65 a\u00f1os aproximadamente y una Femenina de 40 a\u00f1os con signos vitales ausentes, quienes viajaban en el autom\u00f3vil.<\/p>\n<p>En apoyo Oficiales de Polic\u00eda Municipal de Huimilpan y POES Quer\u00e9taro resguardaron el sitio para preservar el lugar de los hechos, hasta el t\u00e9rmino de las diligencias correspondientes, por parte del personal de la Direcci\u00f3n de Servicios Periciales, quienes trasladaron los cuerpos al Semefo.<\/p>\n<p>Protecci\u00f3n Civil de Pedro Escobedo, Bomberos de Quer\u00e9taro, Seguridad P\u00fablica Municipal de Huimilpan, POES y Protecci\u00f3n Civil de Huimilpan fueron las corporaciones qu\u00e9 brindaron apoyo en el hecho de tr\u00e1nsito.<\/p>\n","protected":false},"excerpt":{"rendered":"<p>Polic\u00edas municipales acudieron a atender una llamada a la l\u00ednea de emergencia 9-1-1, d\u00f3nde se inform\u00f3 de un choque frontal en la Carretera Estatal 431 km 7+800 , a la altura de la comunidad de Los Cues, en el que se vieron involucrados una camioneta de transporte de personal y un autom\u00f3vil. Al arrib\u00f3 de los cuerpos de emergencias para<\/p>\n<div class=\"h10\"><\/div>\n<p><a class=\"more-link2 flat\" href=\"https:\/\/elconspirador.com.mx\/?p=37090\">Leer m\u00e1s<\/a><\/p>\n","protected":false},"author":1,"featured_media":37091,"comment_status":"open","ping_status":"open","sticky":false,"template":"","format":"standard","meta":{"om_disable_all_campaigns":false,"_uf_show_specific_survey":0,"_uf_disable_surveys":false},"categories":[1],"tags":[],"aioseo_notices":[],"_links":{"self":[{"href":"https:\/\/elconspirador.com.mx\/index.php?rest_route=\/wp\/v2\/posts\/37090"}],"collection":[{"href":"https:\/\/elconspirador.com.mx\/index.php?rest_route=\/wp\/v2\/posts"}],"about":[{"href":"https:\/\/elconspirador.com.mx\/index.php?rest_route=\/wp\/v2\/types\/post"}],"author":[{"embeddable":true,"href":"https:\/\/elconspirador.com.mx\/index.php?rest_route=\/wp\/v2\/users\/1"}],"replies":[{"embeddable":true,"href":"https:\/\/elconspirador.com.mx\/index.php?rest_route=%2Fwp%2Fv2%2Fcomments&post=37090"}],"version-history":[{"count":2,"href":"https:\/\/elconspirador.com.mx\/index.php?rest_route=\/wp\/v2\/posts\/37090\/revisions"}],"predecessor-version":[{"id":37103,"href":"https:\/\/elconspirador.com.mx\/index.php?rest_route=\/wp\/v2\/posts\/37090\/revisions\/37103"}],"wp:featuredmedia":[{"embeddable":true,"href":"https:\/\/elconspirador.com.mx\/index.php?rest_route=\/wp\/v2\/media\/37091"}],"wp:attachment":[{"href":"https:\/\/elconspirador.com.mx\/index.php?rest_route=%2Fwp%2Fv2%2Fmedia&parent=37090"}],"wp:term":[{"taxonomy":"category","embeddable":true,"href":"https:\/\/elconspirador.com.mx\/index.php?rest_route=%2Fwp%2Fv2%2Fcategories&post=37090"},{"taxonomy":"post_tag","embeddable":true,"href":"https:\/\/elconspirador.com.mx\/index.php?rest_route=%2Fwp%2Fv2%2Ftags&post=37090"}],"curies":[{"name":"wp","href":"https:\/\/api.w.org\/{rel}","templated":true}]}}