{"id":37093,"date":"2023-11-17T11:15:49","date_gmt":"2023-11-17T17:15:49","guid":{"rendered":"https:\/\/elconspirador.com.mx\/?p=37093"},"modified":"2023-11-17T11:15:49","modified_gmt":"2023-11-17T17:15:49","slug":"presentan-cartelera-cultural-del-municipio-de-queretaro","status":"publish","type":"post","link":"https:\/\/elconspirador.com.mx\/?p=37093","title":{"rendered":"PRESENTAN CARTELERA CULTURAL DEL MUNICIPIO DE QUER\u00c9TARO"},"content":{"rendered":"<p>&nbsp;<\/p>\n<p>Con la finalidad de acercar la expresi\u00f3n art\u00edstica local y promover la identidad del municipio de Quer\u00e9taro, la Secretaria de Cultura Municipal, Mar\u00eda Teresa Garc\u00eda Besn\u00e9, present\u00f3 la App &#8220;Cartelera Cultural del Municipio de Quer\u00e9taro&#8221;, una herramienta gratuita para que las y los artistas queretanos suban sus contenidos de promoci\u00f3n de su obra, eventos, talleres, exposiciones o presentaciones.<\/p>\n<p>&#8220;La maravilla de esta aplicaci\u00f3n es que ustedes tendr\u00e1n que ir en una sola ocasi\u00f3n a la Secretaria de Cultura a firmar una carta responsiva en la que se comprometan a subir eventos culturales. Es para cultura con las condiciones propias de una cartelera responsable y seria que vamos a manejar todos nosotros&#8221;, explic\u00f3 Teresa Garc\u00eda Besn\u00e9, al destacar que no se trata de una cartelera que promueva \u00fanicamente los eventos organizados por el Municipio de Quer\u00e9taro, sino de todas las y los artistas que dan vida a la cartelera cultural en la capital.<\/p>\n<p>En la aplicaci\u00f3n \u201cCartelera Cultural del Municipio de Quer\u00e9taro\u201d, las y los seguidores de la cultura y las artes queretanas podr\u00e1n conocer la oferta disponible en categor\u00edas como: teatro, danza, m\u00fasica, casas de cultura, literatura, cine o artes pl\u00e1sticas; as\u00ed como las actividades que ofrece el Municipio de Quer\u00e9taro en sus Casas de Cultura o plazas p\u00fablicas de la ciudad.<\/p>\n<p>Mar\u00eda Teresa Garc\u00eda Besn\u00e9 a\u00f1adi\u00f3 que las y los artistas que formen parte de esta aplicaci\u00f3n podr\u00e1n incluir detalles de sus producciones como son: su ubicaci\u00f3n, su p\u00e1gina web o enlaces para la compra de boletos, adem\u00e1s de tener la libertad de modificar la informaci\u00f3n de acuerdo a sus intereses.<\/p>\n<p>Las y los interesados en promover su oferta art\u00edstica en esta aplicaci\u00f3n deber\u00e1n acudir a la Secretar\u00eda de Cultura del Municipio de Quer\u00e9taro, ubicada en la calle Benito Ju\u00e1rez Sur 9, colonia Centro, en un horario de 9 de la ma\u00f1ana a 3 de la tarde, donde deber\u00e1n acudir con una copia de su credencial de elector y firmar una carta responsiva. En tanto que para el p\u00fablico, esta aplicaci\u00f3n podr\u00e1 ser descargada en los sistemas IOS y Android de forma gratuita.<\/p>\n<p>A este evento realizado en la Galer\u00eda Municipal tambi\u00e9n se dieron cita, la Secretaria de Turismo, Alejandra Iturbe Rosas; la Regidora, Adriana Fuentes Cort\u00e9s, Presidenta de la Comisi\u00f3n de Educaci\u00f3n y Cultura; as\u00ed como integrantes de la comunidad art\u00edstica del Municipio de Quer\u00e9taro.<\/p>\n","protected":false},"excerpt":{"rendered":"<p>&nbsp; Con la finalidad de acercar la expresi\u00f3n art\u00edstica local y promover la identidad del municipio de Quer\u00e9taro, la Secretaria de Cultura Municipal, Mar\u00eda Teresa Garc\u00eda Besn\u00e9, present\u00f3 la App &#8220;Cartelera Cultural del Municipio de Quer\u00e9taro&#8221;, una herramienta gratuita para que las y los artistas queretanos suban sus contenidos de promoci\u00f3n de su obra, eventos, talleres, exposiciones o presentaciones. &#8220;La<\/p>\n<div class=\"h10\"><\/div>\n<p><a class=\"more-link2 flat\" href=\"https:\/\/elconspirador.com.mx\/?p=37093\">Leer m\u00e1s<\/a><\/p>\n","protected":false},"author":1,"featured_media":37095,"comment_status":"open","ping_status":"open","sticky":false,"template":"","format":"standard","meta":{"om_disable_all_campaigns":false,"_uf_show_specific_survey":0,"_uf_disable_surveys":false},"categories":[1],"tags":[],"aioseo_notices":[],"_links":{"self":[{"href":"https:\/\/elconspirador.com.mx\/index.php?rest_route=\/wp\/v2\/posts\/37093"}],"collection":[{"href":"https:\/\/elconspirador.com.mx\/index.php?rest_route=\/wp\/v2\/posts"}],"about":[{"href":"https:\/\/elconspirador.com.mx\/index.php?rest_route=\/wp\/v2\/types\/post"}],"author":[{"embeddable":true,"href":"https:\/\/elconspirador.com.mx\/index.php?rest_route=\/wp\/v2\/users\/1"}],"replies":[{"embeddable":true,"href":"https:\/\/elconspirador.com.mx\/index.php?rest_route=%2Fwp%2Fv2%2Fcomments&post=37093"}],"version-history":[{"count":1,"href":"https:\/\/elconspirador.com.mx\/index.php?rest_route=\/wp\/v2\/posts\/37093\/revisions"}],"predecessor-version":[{"id":37096,"href":"https:\/\/elconspirador.com.mx\/index.php?rest_route=\/wp\/v2\/posts\/37093\/revisions\/37096"}],"wp:featuredmedia":[{"embeddable":true,"href":"https:\/\/elconspirador.com.mx\/index.php?rest_route=\/wp\/v2\/media\/37095"}],"wp:attachment":[{"href":"https:\/\/elconspirador.com.mx\/index.php?rest_route=%2Fwp%2Fv2%2Fmedia&parent=37093"}],"wp:term":[{"taxonomy":"category","embeddable":true,"href":"https:\/\/elconspirador.com.mx\/index.php?rest_route=%2Fwp%2Fv2%2Fcategories&post=37093"},{"taxonomy":"post_tag","embeddable":true,"href":"https:\/\/elconspirador.com.mx\/index.php?rest_route=%2Fwp%2Fv2%2Ftags&post=37093"}],"curies":[{"name":"wp","href":"https:\/\/api.w.org\/{rel}","templated":true}]}}