{"id":37104,"date":"2023-11-16T15:04:01","date_gmt":"2023-11-16T21:04:01","guid":{"rendered":"https:\/\/elconspirador.com.mx\/?p=37104"},"modified":"2023-11-16T15:04:01","modified_gmt":"2023-11-16T21:04:01","slug":"empresa-privada-administrara-bloque","status":"publish","type":"post","link":"https:\/\/elconspirador.com.mx\/?p=37104","title":{"rendered":"EMPRESA PRIVADA ADMINISTRAR\u00c1 \u201cBLOQUE\u201d"},"content":{"rendered":"<p>Una empresa particular ser\u00e1 la encargada de administrar el Centro de innovaci\u00f3n Bloque, tras la incertidumbre de interesados en invertir, coment\u00f3 Luis Bernardo Nava Guerrero, presidente municipal de Quer\u00e9taro.<\/p>\n<p>El alcalde se\u00f1al\u00f3 que algunos de los interesados han manifestado alguna incertidumbre de con qui\u00e9n tratar\u00e1n una vez que termine la administraci\u00f3n, por lo que aprobaron que una empresa administre el edificio para dar certeza a los empresarios.<\/p>\n<p>\u201cSe requiere qui\u00e9n opere el edificio y genere certeza a quienes van a invertir ah\u00ed y a los que queremos que inviertan y generen empleos, algunos de ellos dijeron \u2018oye, con qui\u00e9n me voy a entender cuando se vayan ustedes\u2019, por eso fue que se aprob\u00f3 que pueda haber una empresa que administre, opere y, adem\u00e1s, que pueda resolver los temas t\u00e9cnicos\u201d, refiri\u00f3.<\/p>\n<p>Nava Guerrero indic\u00f3 que con ello podr\u00e1n garantizar que se d\u00e9 mantenimiento al edificio; asegur\u00f3 que no era algo que se ten\u00eda planeado, sino que surgi\u00f3 en el proceso de reuniones sobre las expectativas de bloque.<\/p>\n<p>Afirm\u00f3 que esto no implica que el municipio deje de tener acceso a espacios como el auditorio, centro de convenciones, y los pisos de emprendedurismo y educaci\u00f3n.<\/p>\n","protected":false},"excerpt":{"rendered":"<p>Una empresa particular ser\u00e1 la encargada de administrar el Centro de innovaci\u00f3n Bloque, tras la incertidumbre de interesados en invertir, coment\u00f3 Luis Bernardo Nava Guerrero, presidente municipal de Quer\u00e9taro. El alcalde se\u00f1al\u00f3 que algunos de los interesados han manifestado alguna incertidumbre de con qui\u00e9n tratar\u00e1n una vez que termine la administraci\u00f3n, por lo que aprobaron que una empresa administre el<\/p>\n<div class=\"h10\"><\/div>\n<p><a class=\"more-link2 flat\" href=\"https:\/\/elconspirador.com.mx\/?p=37104\">Leer m\u00e1s<\/a><\/p>\n","protected":false},"author":1,"featured_media":37109,"comment_status":"open","ping_status":"open","sticky":false,"template":"","format":"standard","meta":{"om_disable_all_campaigns":false,"_uf_show_specific_survey":0,"_uf_disable_surveys":false},"categories":[1],"tags":[],"aioseo_notices":[],"_links":{"self":[{"href":"https:\/\/elconspirador.com.mx\/index.php?rest_route=\/wp\/v2\/posts\/37104"}],"collection":[{"href":"https:\/\/elconspirador.com.mx\/index.php?rest_route=\/wp\/v2\/posts"}],"about":[{"href":"https:\/\/elconspirador.com.mx\/index.php?rest_route=\/wp\/v2\/types\/post"}],"author":[{"embeddable":true,"href":"https:\/\/elconspirador.com.mx\/index.php?rest_route=\/wp\/v2\/users\/1"}],"replies":[{"embeddable":true,"href":"https:\/\/elconspirador.com.mx\/index.php?rest_route=%2Fwp%2Fv2%2Fcomments&post=37104"}],"version-history":[{"count":1,"href":"https:\/\/elconspirador.com.mx\/index.php?rest_route=\/wp\/v2\/posts\/37104\/revisions"}],"predecessor-version":[{"id":37110,"href":"https:\/\/elconspirador.com.mx\/index.php?rest_route=\/wp\/v2\/posts\/37104\/revisions\/37110"}],"wp:featuredmedia":[{"embeddable":true,"href":"https:\/\/elconspirador.com.mx\/index.php?rest_route=\/wp\/v2\/media\/37109"}],"wp:attachment":[{"href":"https:\/\/elconspirador.com.mx\/index.php?rest_route=%2Fwp%2Fv2%2Fmedia&parent=37104"}],"wp:term":[{"taxonomy":"category","embeddable":true,"href":"https:\/\/elconspirador.com.mx\/index.php?rest_route=%2Fwp%2Fv2%2Fcategories&post=37104"},{"taxonomy":"post_tag","embeddable":true,"href":"https:\/\/elconspirador.com.mx\/index.php?rest_route=%2Fwp%2Fv2%2Ftags&post=37104"}],"curies":[{"name":"wp","href":"https:\/\/api.w.org\/{rel}","templated":true}]}}