{"id":37113,"date":"2023-11-17T06:58:31","date_gmt":"2023-11-17T12:58:31","guid":{"rendered":"https:\/\/elconspirador.com.mx\/?p=37113"},"modified":"2023-11-17T06:58:31","modified_gmt":"2023-11-17T12:58:31","slug":"se-compromete-luis-nava-a-continuar-con-el-desarrollo-sostenible","status":"publish","type":"post","link":"https:\/\/elconspirador.com.mx\/?p=37113","title":{"rendered":"SE COMPROMETE LUIS NAVA A CONTINUAR CON EL DESARROLLO SOSTENIBLE"},"content":{"rendered":"<p>&nbsp;<\/p>\n<p>El Presidente Municipal de Quer\u00e9taro, Luis Nava, se reuni\u00f3 con emprendedores del Colectivo \u201cLos Quetzales\u201d para celebrar su tercer aniversario y refrendar su compromiso de seguir impulsando el desarrollo sostenible con proyectos que fortalecen la identidad y econom\u00eda de Quer\u00e9taro.<\/p>\n<p>\u201cFelicidades por ese tercer aniversario, la verdad es que el grupo Quetzales ha sido la revelaci\u00f3n porque han mostrado una gran capacidad de organizaci\u00f3n de trabajo de emprendimiento de esfuerzo de compromiso y de solidaridad entre ustedes\u2026 ustedes son ejemplo vivo de lo que se puede hacer organiz\u00e1ndose y queriendo salir adelante\u201d, se\u00f1al\u00f3.<\/p>\n<p>En la terraza de la Delegaci\u00f3n Centro Hist\u00f3rico, Luis Nava destac\u00f3 que \u201cLos Quetzales\u201d son un ejemplo de lo que hace grande a Quer\u00e9taro: con emprendimiento, innovaci\u00f3n, responsabilidad social, sentido de pertenencia y valor. Adem\u00e1s, trascienden como una iniciativa cultural y social que rescata valores, tradiciones, arte y solidaridad.<\/p>\n<p>Con m\u00e1s de 50 integrantes \u201cLos Quetzales\u201d est\u00e1 conformado por productores y emprendedores, y desde su origen en la calle Independencia hasta su actual presencia en Plaza del Parque y el Claustro del Hotel \u201cMisi\u00f3n Grand Juriquilla\u201d, Quetzales ha crecido con esfuerzo y dedicaci\u00f3n para mejorar la econom\u00eda de sus integrantes y ofrecer productos de gran calidad para las familias queretanas.<\/p>\n","protected":false},"excerpt":{"rendered":"<p>&nbsp; El Presidente Municipal de Quer\u00e9taro, Luis Nava, se reuni\u00f3 con emprendedores del Colectivo \u201cLos Quetzales\u201d para celebrar su tercer aniversario y refrendar su compromiso de seguir impulsando el desarrollo sostenible con proyectos que fortalecen la identidad y econom\u00eda de Quer\u00e9taro. \u201cFelicidades por ese tercer aniversario, la verdad es que el grupo Quetzales ha sido la revelaci\u00f3n porque han mostrado<\/p>\n<div class=\"h10\"><\/div>\n<p><a class=\"more-link2 flat\" href=\"https:\/\/elconspirador.com.mx\/?p=37113\">Leer m\u00e1s<\/a><\/p>\n","protected":false},"author":1,"featured_media":37114,"comment_status":"open","ping_status":"open","sticky":false,"template":"","format":"standard","meta":{"om_disable_all_campaigns":false,"_uf_show_specific_survey":0,"_uf_disable_surveys":false},"categories":[1],"tags":[],"aioseo_notices":[],"_links":{"self":[{"href":"https:\/\/elconspirador.com.mx\/index.php?rest_route=\/wp\/v2\/posts\/37113"}],"collection":[{"href":"https:\/\/elconspirador.com.mx\/index.php?rest_route=\/wp\/v2\/posts"}],"about":[{"href":"https:\/\/elconspirador.com.mx\/index.php?rest_route=\/wp\/v2\/types\/post"}],"author":[{"embeddable":true,"href":"https:\/\/elconspirador.com.mx\/index.php?rest_route=\/wp\/v2\/users\/1"}],"replies":[{"embeddable":true,"href":"https:\/\/elconspirador.com.mx\/index.php?rest_route=%2Fwp%2Fv2%2Fcomments&post=37113"}],"version-history":[{"count":1,"href":"https:\/\/elconspirador.com.mx\/index.php?rest_route=\/wp\/v2\/posts\/37113\/revisions"}],"predecessor-version":[{"id":37115,"href":"https:\/\/elconspirador.com.mx\/index.php?rest_route=\/wp\/v2\/posts\/37113\/revisions\/37115"}],"wp:featuredmedia":[{"embeddable":true,"href":"https:\/\/elconspirador.com.mx\/index.php?rest_route=\/wp\/v2\/media\/37114"}],"wp:attachment":[{"href":"https:\/\/elconspirador.com.mx\/index.php?rest_route=%2Fwp%2Fv2%2Fmedia&parent=37113"}],"wp:term":[{"taxonomy":"category","embeddable":true,"href":"https:\/\/elconspirador.com.mx\/index.php?rest_route=%2Fwp%2Fv2%2Fcategories&post=37113"},{"taxonomy":"post_tag","embeddable":true,"href":"https:\/\/elconspirador.com.mx\/index.php?rest_route=%2Fwp%2Fv2%2Ftags&post=37113"}],"curies":[{"name":"wp","href":"https:\/\/api.w.org\/{rel}","templated":true}]}}