{"id":37116,"date":"2023-11-16T17:47:31","date_gmt":"2023-11-16T23:47:31","guid":{"rendered":"https:\/\/elconspirador.com.mx\/?p=37116"},"modified":"2023-11-16T17:47:31","modified_gmt":"2023-11-16T23:47:31","slug":"se-realiza-expo-emprende-2023","status":"publish","type":"post","link":"https:\/\/elconspirador.com.mx\/?p=37116","title":{"rendered":"SE REALIZA EXPO EMPRENDE 2023"},"content":{"rendered":"<p>El presidente municipal de Corregidora, Roberto Sosa Pichardo, encabez\u00f3 la inauguraci\u00f3n de la Expo Emprende Corregidora 2023, donde participan m\u00e1s de 40 expositores con la exhibici\u00f3n y venta de su producto o servicio en el Jard\u00edn Principal de El Pueblito, tras haber tomado alguna de las capacitaciones o programas municipales dirigidos a la profesionalizaci\u00f3n de su negocio.<\/p>\n<p>En su mensaje, el alcalde comparti\u00f3 con los expositores su experiencia como emprendedor y celebr\u00f3 que hoy en d\u00eda, ellos cuenten con herramientas para mejorar su negocio, \u201clas redes sociales multiplican sus negocios\u201d, expres\u00f3 y los invit\u00f3 a darse de alta y mantenerse activos en la plataforma de Corregidora Click, la cual est\u00e1 disponible de forma gratuita para los emprendedores del municipio, para la compra y venta de productos.<\/p>\n<p>\u201cAqu\u00ed, en esta Feria, vamos a encontrar\u00a0 artesanos, alimentos, comercializadoras, para todos los que puedan venir a buscar sus productos. Ellos incubaron en la UTEC, en la Universidad New Element, cerca de 80 empresas vamos a estar incubando, m\u00e1s de 400 beneficiarios hemos tenido durante todo este tiempo que ha estado trabajando para ustedes el Centro de Emprendimiento\u201d, expres\u00f3 el alcalde quien dijo que el 80% de las empresas del pa\u00eds son micro, peque\u00f1as y medianas, y son quienes generan el empleo y las oportunidades y el desarrollo.<\/p>\n<p>En su intervenci\u00f3n la secretaria de Desarrollo Econ\u00f3mico del Municipio de Corregidora, Esther Carboney Echave, expres\u00f3 que esta Expo Emprende estar\u00e1 durante este d\u00eda hasta las 5 de la tarde y tiene por objetivo impulsar a los emprendedores y a todas las micros, peque\u00f1as y medianas empresas (MiPyMes), establecidas en el municipio, para posicionar su marca exponiendo su producto o servicio durante este evento que es resultado de un ciclo de trabajo con la Direcci\u00f3n de Atracci\u00f3n de Inversi\u00f3n y Emprendimiento.<\/p>\n<p>Agreg\u00f3 que los m\u00e1s de 40 emprendedores presentes, participaron en los diferentes programas, cursos y capacitaciones tales como Incubadoras de negocios, profesionalizaci\u00f3n de alimentos y bebidas, redes sociales, marketing, excel entre otros, con apoyo de diferentes dependencias\u00a0 como;\u00a0 la Secretar\u00eda del Trabajo, el\u00a0 Centro Estatal de Empleabilidad, la Secretar\u00eda de Desarrollo Sustentable y el Instituto Queretano de Emprendimiento e Innovaci\u00f3n.<\/p>\n<p>En estas capacitaciones apoyaron tambi\u00e9n universidades como Universidad New Element, la Universidad Tecnol\u00f3gica de Corregidora, Universidad del Golfo de M\u00e9xico, Tec Milenio y la Universidad Tecnol\u00f3gica de Quer\u00e9taro.<\/p>\n<p>\u201cGracias a las herramientas de capacitaci\u00f3n y asesor\u00eda que se ofrecen en el Municipio de Corregidora, se cuenta con negocios m\u00e1s preparados, m\u00e1s competitivos y a la altura de un nuevo entorno empresarial que hoy ya es parte de Corregidora\u201d, expres\u00f3 la secretaria, quien invit\u00f3 a las personas a acudir a esta Expo que estar\u00e1 hasta las 5 de la tarde de este jueves 16 de noviembre, para que apoyen a la econom\u00eda local y los emprendimientos.<\/p>\n<p>En el evento tambi\u00e9n estuvo presente Josu\u00e9 Guerrero Tr\u00e1pala, secretario particular del Gobernador Mauricio Kuri Gonz\u00e1lez, en su representaci\u00f3n, y durante su mensaje destac\u00f3 los esfuerzos que realizan en alianza el municipio y el estado para darle impulso a los emprendedores, \u201cnuestro municipio quiz\u00e1 es el m\u00e1s peque\u00f1o en territorio, pero es el m\u00e1s grande en echarle ganas, no dejarse caer, decir, si este (negocio) no peg\u00f3 me voy a intentar otro hasta que le pegue y pueda encontrar una forma segura, honesta y perfectamente regulada para poder sacar a mi familia adelante\u201d, expres\u00f3 el funcionario quien dese\u00f3 \u00e9xito a los expositores.<\/p>\n<p>Adolfo de la Isla Espinoza, director del Instituto Queretano de Emprendimiento y la Innovaci\u00f3n, anim\u00f3 a los emprendedores a ser perseverantes, constantes y ponerle amor a su proyecto.<\/p>\n","protected":false},"excerpt":{"rendered":"<p>El presidente municipal de Corregidora, Roberto Sosa Pichardo, encabez\u00f3 la inauguraci\u00f3n de la Expo Emprende Corregidora 2023, donde participan m\u00e1s de 40 expositores con la exhibici\u00f3n y venta de su producto o servicio en el Jard\u00edn Principal de El Pueblito, tras haber tomado alguna de las capacitaciones o programas municipales dirigidos a la profesionalizaci\u00f3n de su negocio. En su mensaje,<\/p>\n<div class=\"h10\"><\/div>\n<p><a class=\"more-link2 flat\" href=\"https:\/\/elconspirador.com.mx\/?p=37116\">Leer m\u00e1s<\/a><\/p>\n","protected":false},"author":1,"featured_media":37117,"comment_status":"open","ping_status":"open","sticky":false,"template":"","format":"standard","meta":{"om_disable_all_campaigns":false,"_uf_show_specific_survey":0,"_uf_disable_surveys":false},"categories":[1],"tags":[],"aioseo_notices":[],"_links":{"self":[{"href":"https:\/\/elconspirador.com.mx\/index.php?rest_route=\/wp\/v2\/posts\/37116"}],"collection":[{"href":"https:\/\/elconspirador.com.mx\/index.php?rest_route=\/wp\/v2\/posts"}],"about":[{"href":"https:\/\/elconspirador.com.mx\/index.php?rest_route=\/wp\/v2\/types\/post"}],"author":[{"embeddable":true,"href":"https:\/\/elconspirador.com.mx\/index.php?rest_route=\/wp\/v2\/users\/1"}],"replies":[{"embeddable":true,"href":"https:\/\/elconspirador.com.mx\/index.php?rest_route=%2Fwp%2Fv2%2Fcomments&post=37116"}],"version-history":[{"count":1,"href":"https:\/\/elconspirador.com.mx\/index.php?rest_route=\/wp\/v2\/posts\/37116\/revisions"}],"predecessor-version":[{"id":37118,"href":"https:\/\/elconspirador.com.mx\/index.php?rest_route=\/wp\/v2\/posts\/37116\/revisions\/37118"}],"wp:featuredmedia":[{"embeddable":true,"href":"https:\/\/elconspirador.com.mx\/index.php?rest_route=\/wp\/v2\/media\/37117"}],"wp:attachment":[{"href":"https:\/\/elconspirador.com.mx\/index.php?rest_route=%2Fwp%2Fv2%2Fmedia&parent=37116"}],"wp:term":[{"taxonomy":"category","embeddable":true,"href":"https:\/\/elconspirador.com.mx\/index.php?rest_route=%2Fwp%2Fv2%2Fcategories&post=37116"},{"taxonomy":"post_tag","embeddable":true,"href":"https:\/\/elconspirador.com.mx\/index.php?rest_route=%2Fwp%2Fv2%2Ftags&post=37116"}],"curies":[{"name":"wp","href":"https:\/\/api.w.org\/{rel}","templated":true}]}}