{"id":37119,"date":"2023-11-16T20:48:12","date_gmt":"2023-11-17T02:48:12","guid":{"rendered":"https:\/\/elconspirador.com.mx\/?p=37119"},"modified":"2023-11-16T20:48:12","modified_gmt":"2023-11-17T02:48:12","slug":"iturralde-deja-la-usebeq","status":"publish","type":"post","link":"https:\/\/elconspirador.com.mx\/?p=37119","title":{"rendered":"ITURRALDE DEJA LA USEBEQ"},"content":{"rendered":"<p>Ra\u00fal Iturralde Olvera dej\u00f3 la coordinaci\u00f3n de la Unidad de Servicios B\u00e1sicos del estado de Quer\u00e9taro (Usebeq), de acuerdo con informaci\u00f3n extraoficial.<\/p>\n<p>Se presume que llegar\u00e1 al cargo Irene Quintanar Mej\u00eda, actual directora general de la Escuela Normal del estado de Quer\u00e9taro (ENEQ).<\/p>\n<p>Presuntamente, la salida del coordinador de Usebeq se da como parte de un proceso de jubilaci\u00f3n que inici\u00f3 hace meses.<\/p>\n","protected":false},"excerpt":{"rendered":"<p>Ra\u00fal Iturralde Olvera dej\u00f3 la coordinaci\u00f3n de la Unidad de Servicios B\u00e1sicos del estado de Quer\u00e9taro (Usebeq), de acuerdo con informaci\u00f3n extraoficial. Se presume que llegar\u00e1 al cargo Irene Quintanar Mej\u00eda, actual directora general de la Escuela Normal del estado de Quer\u00e9taro (ENEQ). Presuntamente, la salida del coordinador de Usebeq se da como parte de un proceso de jubilaci\u00f3n que<\/p>\n<div class=\"h10\"><\/div>\n<p><a class=\"more-link2 flat\" href=\"https:\/\/elconspirador.com.mx\/?p=37119\">Leer m\u00e1s<\/a><\/p>\n","protected":false},"author":1,"featured_media":37120,"comment_status":"open","ping_status":"open","sticky":false,"template":"","format":"standard","meta":{"om_disable_all_campaigns":false,"_uf_show_specific_survey":0,"_uf_disable_surveys":false},"categories":[1],"tags":[],"aioseo_notices":[],"_links":{"self":[{"href":"https:\/\/elconspirador.com.mx\/index.php?rest_route=\/wp\/v2\/posts\/37119"}],"collection":[{"href":"https:\/\/elconspirador.com.mx\/index.php?rest_route=\/wp\/v2\/posts"}],"about":[{"href":"https:\/\/elconspirador.com.mx\/index.php?rest_route=\/wp\/v2\/types\/post"}],"author":[{"embeddable":true,"href":"https:\/\/elconspirador.com.mx\/index.php?rest_route=\/wp\/v2\/users\/1"}],"replies":[{"embeddable":true,"href":"https:\/\/elconspirador.com.mx\/index.php?rest_route=%2Fwp%2Fv2%2Fcomments&post=37119"}],"version-history":[{"count":1,"href":"https:\/\/elconspirador.com.mx\/index.php?rest_route=\/wp\/v2\/posts\/37119\/revisions"}],"predecessor-version":[{"id":37121,"href":"https:\/\/elconspirador.com.mx\/index.php?rest_route=\/wp\/v2\/posts\/37119\/revisions\/37121"}],"wp:featuredmedia":[{"embeddable":true,"href":"https:\/\/elconspirador.com.mx\/index.php?rest_route=\/wp\/v2\/media\/37120"}],"wp:attachment":[{"href":"https:\/\/elconspirador.com.mx\/index.php?rest_route=%2Fwp%2Fv2%2Fmedia&parent=37119"}],"wp:term":[{"taxonomy":"category","embeddable":true,"href":"https:\/\/elconspirador.com.mx\/index.php?rest_route=%2Fwp%2Fv2%2Fcategories&post=37119"},{"taxonomy":"post_tag","embeddable":true,"href":"https:\/\/elconspirador.com.mx\/index.php?rest_route=%2Fwp%2Fv2%2Ftags&post=37119"}],"curies":[{"name":"wp","href":"https:\/\/api.w.org\/{rel}","templated":true}]}}