{"id":37221,"date":"2023-11-20T08:11:10","date_gmt":"2023-11-20T14:11:10","guid":{"rendered":"https:\/\/elconspirador.com.mx\/?p=37221"},"modified":"2023-11-20T08:11:10","modified_gmt":"2023-11-20T14:11:10","slug":"pasaje-a-la-feria-costara-2-pesos","status":"publish","type":"post","link":"https:\/\/elconspirador.com.mx\/?p=37221","title":{"rendered":"PASAJE A LA FERIA COSTAR\u00c1 2 PESOS"},"content":{"rendered":"<p>Adultos mayores, estudiantes y personas con discapacidad que aborden las unidades especiales para ir a la Feria de Quer\u00e9taro seguir\u00e1n pagando 2 pesos con su tarjeta; habr\u00e1 servicio directo desde el G\u00f3mez Morin en las nuevas unidades<\/p>\n<p>La Agencia de Movilidad del Estado de Quer\u00e9taro (AMEQ) informa que, como todos los a\u00f1os, se contar\u00e1 con servicio directo desde el Centro Educativo y Cultural Manuel G\u00f3mez Morin al Ecocentro Expositor, para que puedan disfrutar de la Feria Internacional Ganadera Quer\u00e9taro 2023, que se celebrar\u00e1 del 23 de noviembre al 12 de diciembre.<\/p>\n<p>&nbsp;<\/p>\n<p>En esta ocasi\u00f3n, los usuarios con Tarifa Unidos vigente que aborden las unidades que brinden el servicio directo pagar\u00e1n solo 2 pesos su viaje con el uso de su tarjeta. Cabe destacar que la flota que prestar\u00e1 el servicio directo ser\u00e1 a trav\u00e9s de las unidades Mercedes Benz, mismas que cuentan con espacio para silla de ruedas, asientos preferentes, gu\u00eda podot\u00e1ctil y puertos de carga USB para tel\u00e9fonos celulares.<\/p>\n<p>&nbsp;<\/p>\n<p>El servicio directo saldr\u00e1 de la lateral del Centro Educativo y Cultural, comenzando las salidas hacia el recinto ferial a partir de las 10:00 a.m. y hasta las 10:00 p.m., mientras que los regresos ser\u00e1n hasta el cierre de la feria. La frecuencia de las unidades se ajustar\u00e1 seg\u00fan la demanda del servicio.<\/p>\n<p>&nbsp;<\/p>\n<p>\u201cEstamos haciendo un esfuerzo para que las y los queretanos puedan disfrutar de nuestra tradicional Feria de Quer\u00e9taro, y al mismo tiempo tengan un transporte seguro, c\u00f3modo y accesible. Esta tambi\u00e9n es una oportunidad para que los usuarios preferentes que a\u00fan no tienen su Tarifa Unidos hagan su tr\u00e1mite y puedan viajar a la feria pagando \u00fanicamente dos pesos\u201d, explic\u00f3 Cuanalo Santos.<\/p>\n<p>&nbsp;<\/p>\n<p>Cabe destacar que el servicio directo es una alternativa de movilidad para los usuarios, pues continuar\u00e1n operando las rutas T01 y T12 que viajan a trav\u00e9s del Eje Constituci\u00f3n de 1917 hacia la Estaci\u00f3n Mirador, mismas que mantendr\u00e1n su costo habitual. Por otro lado, la tarifa para los usuarios generales que aborden las rutas directas a la feria ser\u00e1 de 17 pesos.<\/p>\n<p>&nbsp;<\/p>\n<p>Durante los d\u00edas en que se desarrolle la Feria de Quer\u00e9taro, personal de la AMEQ se encontrar\u00e1 en el punto de abordaje del Centro Educativo y Cultural para apoyar a los usuarios en adquirir su tarjeta de prepago o realizar alguna recarga.<\/p>\n<p>&nbsp;<\/p>\n<p>Igualmente, se contar\u00e1 con personal de Supervisi\u00f3n en inmediaciones de la Feria para vigilar la prestaci\u00f3n del servicio del transporte, en todas sus modalidades.<\/p>\n","protected":false},"excerpt":{"rendered":"<p>Adultos mayores, estudiantes y personas con discapacidad que aborden las unidades especiales para ir a la Feria de Quer\u00e9taro seguir\u00e1n pagando 2 pesos con su tarjeta; habr\u00e1 servicio directo desde el G\u00f3mez Morin en las nuevas unidades La Agencia de Movilidad del Estado de Quer\u00e9taro (AMEQ) informa que, como todos los a\u00f1os, se contar\u00e1 con servicio directo desde el Centro<\/p>\n<div class=\"h10\"><\/div>\n<p><a class=\"more-link2 flat\" href=\"https:\/\/elconspirador.com.mx\/?p=37221\">Leer m\u00e1s<\/a><\/p>\n","protected":false},"author":1,"featured_media":37230,"comment_status":"open","ping_status":"open","sticky":false,"template":"","format":"standard","meta":{"om_disable_all_campaigns":false,"_uf_show_specific_survey":0,"_uf_disable_surveys":false},"categories":[1],"tags":[],"aioseo_notices":[],"_links":{"self":[{"href":"https:\/\/elconspirador.com.mx\/index.php?rest_route=\/wp\/v2\/posts\/37221"}],"collection":[{"href":"https:\/\/elconspirador.com.mx\/index.php?rest_route=\/wp\/v2\/posts"}],"about":[{"href":"https:\/\/elconspirador.com.mx\/index.php?rest_route=\/wp\/v2\/types\/post"}],"author":[{"embeddable":true,"href":"https:\/\/elconspirador.com.mx\/index.php?rest_route=\/wp\/v2\/users\/1"}],"replies":[{"embeddable":true,"href":"https:\/\/elconspirador.com.mx\/index.php?rest_route=%2Fwp%2Fv2%2Fcomments&post=37221"}],"version-history":[{"count":2,"href":"https:\/\/elconspirador.com.mx\/index.php?rest_route=\/wp\/v2\/posts\/37221\/revisions"}],"predecessor-version":[{"id":37223,"href":"https:\/\/elconspirador.com.mx\/index.php?rest_route=\/wp\/v2\/posts\/37221\/revisions\/37223"}],"wp:featuredmedia":[{"embeddable":true,"href":"https:\/\/elconspirador.com.mx\/index.php?rest_route=\/wp\/v2\/media\/37230"}],"wp:attachment":[{"href":"https:\/\/elconspirador.com.mx\/index.php?rest_route=%2Fwp%2Fv2%2Fmedia&parent=37221"}],"wp:term":[{"taxonomy":"category","embeddable":true,"href":"https:\/\/elconspirador.com.mx\/index.php?rest_route=%2Fwp%2Fv2%2Fcategories&post=37221"},{"taxonomy":"post_tag","embeddable":true,"href":"https:\/\/elconspirador.com.mx\/index.php?rest_route=%2Fwp%2Fv2%2Ftags&post=37221"}],"curies":[{"name":"wp","href":"https:\/\/api.w.org\/{rel}","templated":true}]}}