{"id":37247,"date":"2023-11-20T10:56:04","date_gmt":"2023-11-20T16:56:04","guid":{"rendered":"https:\/\/elconspirador.com.mx\/?p=37247"},"modified":"2023-11-20T10:56:04","modified_gmt":"2023-11-20T16:56:04","slug":"detienen-a-36-por-faltas-administrativas","status":"publish","type":"post","link":"https:\/\/elconspirador.com.mx\/?p=37247","title":{"rendered":"DETIENEN A 36 POR FALTAS ADMINISTRATIVAS"},"content":{"rendered":"<p>Como parte de la pol\u00edtica p\u00fablica de Justicia C\u00edvica; en la semana del 13 al 19 de noviembre fueron sancionadas por cometer alguna de las faltas establecidas en el Reglamento de Justicia Administrativa, 26 personas con trabajo en favor de la comunidad.<\/p>\n<p>Las faltas m\u00e1s recurrentes fueron, la ingesta de bebidas alcoh\u00f3licas o sustancias t\u00f3xicas en la v\u00eda p\u00fablica o alterar el orden p\u00fablico.<br \/>\nPara el debido cumplimiento de las sanciones se realiz\u00f3 una jornada supervisada por la Direcci\u00f3n de Prevenci\u00f3n Social de la Secretar\u00eda de Seguridad P\u00fablica Municipal con acciones como la recuperaci\u00f3n de espacios p\u00fablicos o de rehabilitaci\u00f3n en los Centros Integrales de Prevenci\u00f3n Social, (CIPRES).<\/p>\n","protected":false},"excerpt":{"rendered":"<p>Como parte de la pol\u00edtica p\u00fablica de Justicia C\u00edvica; en la semana del 13 al 19 de noviembre fueron sancionadas por cometer alguna de las faltas establecidas en el Reglamento de Justicia Administrativa, 26 personas con trabajo en favor de la comunidad. Las faltas m\u00e1s recurrentes fueron, la ingesta de bebidas alcoh\u00f3licas o sustancias t\u00f3xicas en la v\u00eda p\u00fablica o<\/p>\n<div class=\"h10\"><\/div>\n<p><a class=\"more-link2 flat\" href=\"https:\/\/elconspirador.com.mx\/?p=37247\">Leer m\u00e1s<\/a><\/p>\n","protected":false},"author":1,"featured_media":37248,"comment_status":"open","ping_status":"open","sticky":false,"template":"","format":"standard","meta":{"om_disable_all_campaigns":false,"_uf_show_specific_survey":0,"_uf_disable_surveys":false},"categories":[1],"tags":[],"aioseo_notices":[],"_links":{"self":[{"href":"https:\/\/elconspirador.com.mx\/index.php?rest_route=\/wp\/v2\/posts\/37247"}],"collection":[{"href":"https:\/\/elconspirador.com.mx\/index.php?rest_route=\/wp\/v2\/posts"}],"about":[{"href":"https:\/\/elconspirador.com.mx\/index.php?rest_route=\/wp\/v2\/types\/post"}],"author":[{"embeddable":true,"href":"https:\/\/elconspirador.com.mx\/index.php?rest_route=\/wp\/v2\/users\/1"}],"replies":[{"embeddable":true,"href":"https:\/\/elconspirador.com.mx\/index.php?rest_route=%2Fwp%2Fv2%2Fcomments&post=37247"}],"version-history":[{"count":1,"href":"https:\/\/elconspirador.com.mx\/index.php?rest_route=\/wp\/v2\/posts\/37247\/revisions"}],"predecessor-version":[{"id":37249,"href":"https:\/\/elconspirador.com.mx\/index.php?rest_route=\/wp\/v2\/posts\/37247\/revisions\/37249"}],"wp:featuredmedia":[{"embeddable":true,"href":"https:\/\/elconspirador.com.mx\/index.php?rest_route=\/wp\/v2\/media\/37248"}],"wp:attachment":[{"href":"https:\/\/elconspirador.com.mx\/index.php?rest_route=%2Fwp%2Fv2%2Fmedia&parent=37247"}],"wp:term":[{"taxonomy":"category","embeddable":true,"href":"https:\/\/elconspirador.com.mx\/index.php?rest_route=%2Fwp%2Fv2%2Fcategories&post=37247"},{"taxonomy":"post_tag","embeddable":true,"href":"https:\/\/elconspirador.com.mx\/index.php?rest_route=%2Fwp%2Fv2%2Ftags&post=37247"}],"curies":[{"name":"wp","href":"https:\/\/api.w.org\/{rel}","templated":true}]}}