{"id":37253,"date":"2023-11-20T11:55:29","date_gmt":"2023-11-20T17:55:29","guid":{"rendered":"https:\/\/elconspirador.com.mx\/?p=37253"},"modified":"2023-11-20T11:55:29","modified_gmt":"2023-11-20T17:55:29","slug":"alistan-subcomandancia-de-centro-historico","status":"publish","type":"post","link":"https:\/\/elconspirador.com.mx\/?p=37253","title":{"rendered":"ALISTAN SUBCOMANDANCIA DE CENTRO HIST\u00d3RICO"},"content":{"rendered":"<p>La subcomandancia de seguridad del Centro Hist\u00f3rico iniciar\u00e1 operaciones antes de que concluya el primer semestre de 2024, dio a conocer Juan Luis Ferrusca Ortiz, secretario de seguridad p\u00fablica municipal de Quer\u00e9taro.<\/p>\n<p>\u201cLa operaci\u00f3n la prevemos antes de que concluya el primer semestre del a\u00f1o que entra la operaci\u00f3n, la construcci\u00f3n depender\u00e1 del procedimiento administrativo de la licitaci\u00f3n\u201d, dijo.<\/p>\n<p>Refiri\u00f3 que ya concluyeron el dise\u00f1o del edificio que albergar\u00e1, adem\u00e1s de la subcomandancia del centro, tambi\u00e9n la subcomandancia de la direcci\u00f3n de atenci\u00f3n a v\u00edctimas.<\/p>\n<p>Ferrusca Ortiz a\u00f1adi\u00f3 que la Secretar\u00eda de Obras P\u00fablicas del municipio de Quer\u00e9taro ser\u00e1 la que realice la licitaci\u00f3n del proyecto para la construcci\u00f3n del edificio.<\/p>\n<p>\u201cSon tiempos que depender\u00e1n precisamente del procedimiento administrativo, pero a mitad del pr\u00f3ximo a\u00f1o, como lo ha pedido el presidente Luis Nava, tendremos que concluir los trabajos para poder arrancar actividades en la subcomandancia\u201d, coment\u00f3.<\/p>\n","protected":false},"excerpt":{"rendered":"<p>La subcomandancia de seguridad del Centro Hist\u00f3rico iniciar\u00e1 operaciones antes de que concluya el primer semestre de 2024, dio a conocer Juan Luis Ferrusca Ortiz, secretario de seguridad p\u00fablica municipal de Quer\u00e9taro. \u201cLa operaci\u00f3n la prevemos antes de que concluya el primer semestre del a\u00f1o que entra la operaci\u00f3n, la construcci\u00f3n depender\u00e1 del procedimiento administrativo de la licitaci\u00f3n\u201d, dijo. Refiri\u00f3<\/p>\n<div class=\"h10\"><\/div>\n<p><a class=\"more-link2 flat\" href=\"https:\/\/elconspirador.com.mx\/?p=37253\">Leer m\u00e1s<\/a><\/p>\n","protected":false},"author":1,"featured_media":37254,"comment_status":"open","ping_status":"open","sticky":false,"template":"","format":"standard","meta":{"om_disable_all_campaigns":false,"_uf_show_specific_survey":0,"_uf_disable_surveys":false},"categories":[1],"tags":[],"aioseo_notices":[],"_links":{"self":[{"href":"https:\/\/elconspirador.com.mx\/index.php?rest_route=\/wp\/v2\/posts\/37253"}],"collection":[{"href":"https:\/\/elconspirador.com.mx\/index.php?rest_route=\/wp\/v2\/posts"}],"about":[{"href":"https:\/\/elconspirador.com.mx\/index.php?rest_route=\/wp\/v2\/types\/post"}],"author":[{"embeddable":true,"href":"https:\/\/elconspirador.com.mx\/index.php?rest_route=\/wp\/v2\/users\/1"}],"replies":[{"embeddable":true,"href":"https:\/\/elconspirador.com.mx\/index.php?rest_route=%2Fwp%2Fv2%2Fcomments&post=37253"}],"version-history":[{"count":1,"href":"https:\/\/elconspirador.com.mx\/index.php?rest_route=\/wp\/v2\/posts\/37253\/revisions"}],"predecessor-version":[{"id":37255,"href":"https:\/\/elconspirador.com.mx\/index.php?rest_route=\/wp\/v2\/posts\/37253\/revisions\/37255"}],"wp:featuredmedia":[{"embeddable":true,"href":"https:\/\/elconspirador.com.mx\/index.php?rest_route=\/wp\/v2\/media\/37254"}],"wp:attachment":[{"href":"https:\/\/elconspirador.com.mx\/index.php?rest_route=%2Fwp%2Fv2%2Fmedia&parent=37253"}],"wp:term":[{"taxonomy":"category","embeddable":true,"href":"https:\/\/elconspirador.com.mx\/index.php?rest_route=%2Fwp%2Fv2%2Fcategories&post=37253"},{"taxonomy":"post_tag","embeddable":true,"href":"https:\/\/elconspirador.com.mx\/index.php?rest_route=%2Fwp%2Fv2%2Ftags&post=37253"}],"curies":[{"name":"wp","href":"https:\/\/api.w.org\/{rel}","templated":true}]}}