{"id":37256,"date":"2023-11-22T18:34:50","date_gmt":"2023-11-23T00:34:50","guid":{"rendered":"https:\/\/elconspirador.com.mx\/?p=37256"},"modified":"2023-11-22T18:34:50","modified_gmt":"2023-11-23T00:34:50","slug":"iturralde-se-fue-por-asuntos-personales","status":"publish","type":"post","link":"https:\/\/elconspirador.com.mx\/?p=37256","title":{"rendered":"ITURRALDE SE FUE POR ASUNTOS PERSONALES"},"content":{"rendered":"<p>La salida de Ra\u00fal Iturralde Olvera se debi\u00f3 a asuntos personales y no por los hechos ocurridos en una escuela de San Isidro Miranda, El Marqu\u00e9s, esto lo confirm\u00f3 el gobernador Mauricio Kuri Gonz\u00e1lez.<\/p>\n<p>Por ello confirm\u00f3 los cambios en la Unidad de Servicios para la Educaci\u00f3n B\u00e1sica en el Estado de Quer\u00e9taro (USEBEQ), aunque este martes se anunciar\u00e1 al sustituto.<\/p>\n<p>&#8220;Es un motivo personal de \u00e9l. Ha hecho muy buen trabajo dentro de la USEBEQ y le agradezco infinitamente estos dos a\u00f1os que ha trabajado conmigo&#8221;.<\/p>\n<p>Sin embargo, aclar\u00f3 que Ra\u00fal Iturralde continuar\u00e1 en el gabinete estatal, aunque no mencion\u00f3 a qu\u00e9 instancia se incorporar\u00e1 este martes.<\/p>\n<p>&#8220;Quedo satisfecho con el trabajo de Ra\u00fal y es una persona a quien estimo mucho y va a seguir trabajando en mi gobierno. Nada qu\u00e9 ver con el caso&#8221;.<\/p>\n","protected":false},"excerpt":{"rendered":"<p>La salida de Ra\u00fal Iturralde Olvera se debi\u00f3 a asuntos personales y no por los hechos ocurridos en una escuela de San Isidro Miranda, El Marqu\u00e9s, esto lo confirm\u00f3 el gobernador Mauricio Kuri Gonz\u00e1lez. Por ello confirm\u00f3 los cambios en la Unidad de Servicios para la Educaci\u00f3n B\u00e1sica en el Estado de Quer\u00e9taro (USEBEQ), aunque este martes se anunciar\u00e1 al<\/p>\n<div class=\"h10\"><\/div>\n<p><a class=\"more-link2 flat\" href=\"https:\/\/elconspirador.com.mx\/?p=37256\">Leer m\u00e1s<\/a><\/p>\n","protected":false},"author":1,"featured_media":37257,"comment_status":"open","ping_status":"open","sticky":false,"template":"","format":"standard","meta":{"om_disable_all_campaigns":false,"_uf_show_specific_survey":0,"_uf_disable_surveys":false},"categories":[1],"tags":[],"aioseo_notices":[],"_links":{"self":[{"href":"https:\/\/elconspirador.com.mx\/index.php?rest_route=\/wp\/v2\/posts\/37256"}],"collection":[{"href":"https:\/\/elconspirador.com.mx\/index.php?rest_route=\/wp\/v2\/posts"}],"about":[{"href":"https:\/\/elconspirador.com.mx\/index.php?rest_route=\/wp\/v2\/types\/post"}],"author":[{"embeddable":true,"href":"https:\/\/elconspirador.com.mx\/index.php?rest_route=\/wp\/v2\/users\/1"}],"replies":[{"embeddable":true,"href":"https:\/\/elconspirador.com.mx\/index.php?rest_route=%2Fwp%2Fv2%2Fcomments&post=37256"}],"version-history":[{"count":1,"href":"https:\/\/elconspirador.com.mx\/index.php?rest_route=\/wp\/v2\/posts\/37256\/revisions"}],"predecessor-version":[{"id":37258,"href":"https:\/\/elconspirador.com.mx\/index.php?rest_route=\/wp\/v2\/posts\/37256\/revisions\/37258"}],"wp:featuredmedia":[{"embeddable":true,"href":"https:\/\/elconspirador.com.mx\/index.php?rest_route=\/wp\/v2\/media\/37257"}],"wp:attachment":[{"href":"https:\/\/elconspirador.com.mx\/index.php?rest_route=%2Fwp%2Fv2%2Fmedia&parent=37256"}],"wp:term":[{"taxonomy":"category","embeddable":true,"href":"https:\/\/elconspirador.com.mx\/index.php?rest_route=%2Fwp%2Fv2%2Fcategories&post=37256"},{"taxonomy":"post_tag","embeddable":true,"href":"https:\/\/elconspirador.com.mx\/index.php?rest_route=%2Fwp%2Fv2%2Ftags&post=37256"}],"curies":[{"name":"wp","href":"https:\/\/api.w.org\/{rel}","templated":true}]}}