{"id":37268,"date":"2023-11-20T20:00:40","date_gmt":"2023-11-21T02:00:40","guid":{"rendered":"https:\/\/elconspirador.com.mx\/?p=37268"},"modified":"2023-11-20T20:00:40","modified_gmt":"2023-11-21T02:00:40","slug":"alistan-sancion-vs-ica","status":"publish","type":"post","link":"https:\/\/elconspirador.com.mx\/?p=37268","title":{"rendered":"ALISTAN SANCI\u00d3N VS ICA"},"content":{"rendered":"<p>La contralor\u00eda interna de la Secretar\u00eda de Obras P\u00fablicas del estado determinar\u00e1 la multa a la empresa ICA por el retraso en la obra de Paseo 5 de febrero, coment\u00f3 \u00d3scar Garc\u00eda Gonz\u00e1lez, contralor del estado.<\/p>\n<p>El funcionario estatal coment\u00f3 que si como Contralor\u00eda estatal consideran que el tema debe ser atra\u00eddo por la dependencia lo hacen; aunque insisti\u00f3 en que primero lo abordan desde la contralor\u00eda interna.<\/p>\n<p>\u201cAhorita por lo pronto quien est\u00e1 tomando total conocimiento de ese tema es el \u00f3rgano interno de control de obras p\u00fablicas, nosotros como contralor\u00eda del estado nos dedicamos a todo el Poder Ejecutivo desde luego, pero cuando las dependencias o entidades tienen un \u00f3rgano interno de control asignado por nosotros, les dejamos ahorita plena jurisdicci\u00f3n para que ellos sean los que auditen, revisen e investiguen\u201d, apunt\u00f3.<\/p>\n<p>Asever\u00f3 que el \u00f3rgano interno de control de obras p\u00fablicas tiene amplia experiencia y est\u00e1 trabajando en la auditor\u00eda y montos a aplicar, adem\u00e1s de que est\u00e1n conciliando con la empresa cuestiones disciplinarias; a\u00f1adi\u00f3 que, en caso de que no haya arreglo o soluci\u00f3n abordar\u00e1n el tema.<\/p>\n<p>\u201cNo, realmente no hay ninguna fecha, como es una obra que se est\u00e1 ejecutando en tiempo real, y se est\u00e1 auditando en tiempo real tanto por ellos como por nosotros, ahorita ese es un hallazgo de ellos que tiene que ser solventado por la empresa, o sea, son plazos que da el \u00f3rgano interno de control de dar vista, pero no de una fecha l\u00edmite\u201d, dijo.<\/p>\n<p>Adem\u00e1s, record\u00f3 que en lo que va de la administraci\u00f3n se han recuperado casi 30 millones de pesos en favor del erario p\u00fablico, derivado de acciones de prevenci\u00f3n.<\/p>\n","protected":false},"excerpt":{"rendered":"<p>La contralor\u00eda interna de la Secretar\u00eda de Obras P\u00fablicas del estado determinar\u00e1 la multa a la empresa ICA por el retraso en la obra de Paseo 5 de febrero, coment\u00f3 \u00d3scar Garc\u00eda Gonz\u00e1lez, contralor del estado. El funcionario estatal coment\u00f3 que si como Contralor\u00eda estatal consideran que el tema debe ser atra\u00eddo por la dependencia lo hacen; aunque insisti\u00f3 en<\/p>\n<div class=\"h10\"><\/div>\n<p><a class=\"more-link2 flat\" href=\"https:\/\/elconspirador.com.mx\/?p=37268\">Leer m\u00e1s<\/a><\/p>\n","protected":false},"author":1,"featured_media":37269,"comment_status":"open","ping_status":"open","sticky":false,"template":"","format":"standard","meta":{"om_disable_all_campaigns":false,"_uf_show_specific_survey":0,"_uf_disable_surveys":false},"categories":[1],"tags":[],"aioseo_notices":[],"_links":{"self":[{"href":"https:\/\/elconspirador.com.mx\/index.php?rest_route=\/wp\/v2\/posts\/37268"}],"collection":[{"href":"https:\/\/elconspirador.com.mx\/index.php?rest_route=\/wp\/v2\/posts"}],"about":[{"href":"https:\/\/elconspirador.com.mx\/index.php?rest_route=\/wp\/v2\/types\/post"}],"author":[{"embeddable":true,"href":"https:\/\/elconspirador.com.mx\/index.php?rest_route=\/wp\/v2\/users\/1"}],"replies":[{"embeddable":true,"href":"https:\/\/elconspirador.com.mx\/index.php?rest_route=%2Fwp%2Fv2%2Fcomments&post=37268"}],"version-history":[{"count":1,"href":"https:\/\/elconspirador.com.mx\/index.php?rest_route=\/wp\/v2\/posts\/37268\/revisions"}],"predecessor-version":[{"id":37270,"href":"https:\/\/elconspirador.com.mx\/index.php?rest_route=\/wp\/v2\/posts\/37268\/revisions\/37270"}],"wp:featuredmedia":[{"embeddable":true,"href":"https:\/\/elconspirador.com.mx\/index.php?rest_route=\/wp\/v2\/media\/37269"}],"wp:attachment":[{"href":"https:\/\/elconspirador.com.mx\/index.php?rest_route=%2Fwp%2Fv2%2Fmedia&parent=37268"}],"wp:term":[{"taxonomy":"category","embeddable":true,"href":"https:\/\/elconspirador.com.mx\/index.php?rest_route=%2Fwp%2Fv2%2Fcategories&post=37268"},{"taxonomy":"post_tag","embeddable":true,"href":"https:\/\/elconspirador.com.mx\/index.php?rest_route=%2Fwp%2Fv2%2Ftags&post=37268"}],"curies":[{"name":"wp","href":"https:\/\/api.w.org\/{rel}","templated":true}]}}