{"id":37271,"date":"2023-11-20T19:00:35","date_gmt":"2023-11-21T01:00:35","guid":{"rendered":"https:\/\/elconspirador.com.mx\/?p=37271"},"modified":"2023-11-20T19:00:35","modified_gmt":"2023-11-21T01:00:35","slug":"poes-no-tiene-denuncias-por-el-nabo","status":"publish","type":"post","link":"https:\/\/elconspirador.com.mx\/?p=37271","title":{"rendered":"POES NO TIENE DENUNCIAS POR EL NABO"},"content":{"rendered":"<p>La Secretar\u00eda de seguridad ciudadana no ha recibido ninguna queja por la agresi\u00f3n de la que fueron v\u00edctimas habitantes de El Nabo durante una manifestaci\u00f3n el pasado 11 de noviembre, asegur\u00f3 Iov\u00e1n P\u00e9rez Hern\u00e1ndez, titular de la SSC.<\/p>\n<p>El secretario se\u00f1al\u00f3 que ha habido distintos acuerdos con los habitantes derivado de la falta de energ\u00eda el\u00e9ctrica y a solicitud del gobernador Mauricio Kuri; sin embargo, record\u00f3 que el objetivo de la administraci\u00f3n es evitar afectaciones a terceros.<\/p>\n<p>\u201cNosotros somos muy respetuosos de la libertad de expresi\u00f3n y de las manifestaciones; sin embargo, tambi\u00e9n como lo declar\u00f3 el se\u00f1or gobernador no podemos dejar que haya afectaciones a terceros, nuestra intervenci\u00f3n obedeci\u00f3 a que hab\u00eda personas con palos, piedras, se movieron de un lugar y hab\u00eda quedado una piedra que estuvo cerca e provocar la volcadura de un veh\u00edculo\u201d, apunt\u00f3.<\/p>\n<p>Refiri\u00f3 que durante la manifestaci\u00f3n incluso manifestaron que hab\u00eda personas ajenas a la comunidad, por lo que subray\u00f3 que los elementos de polic\u00eda estatal lo que hicieron fue liberar la v\u00eda y restablecer el orden. Al respecto, descart\u00f3 la posibilidad de cambios de mando en la polic\u00eda.<\/p>\n<p>Sobre el Buen Fin, coment\u00f3 que se ha detenido a 10 personas por farder\u00eda en los comercios, aunque consider\u00f3 que, en t\u00e9rminos generales, han tenido buenos resultados.<\/p>\n<p>\u201cHemos detenido algunas personas por farder\u00eda, personas que aprovechan la oportunidad, alguna distracci\u00f3n de los locatarios para tomar alg\u00fan bien, pero ha habido una situaci\u00f3n estrecha tanto con la seguridad privada de las plazas, la misma gente de la tienda y la fiscal\u00eda\u201d, se\u00f1al\u00f3.<\/p>\n","protected":false},"excerpt":{"rendered":"<p>La Secretar\u00eda de seguridad ciudadana no ha recibido ninguna queja por la agresi\u00f3n de la que fueron v\u00edctimas habitantes de El Nabo durante una manifestaci\u00f3n el pasado 11 de noviembre, asegur\u00f3 Iov\u00e1n P\u00e9rez Hern\u00e1ndez, titular de la SSC. El secretario se\u00f1al\u00f3 que ha habido distintos acuerdos con los habitantes derivado de la falta de energ\u00eda el\u00e9ctrica y a solicitud del<\/p>\n<div class=\"h10\"><\/div>\n<p><a class=\"more-link2 flat\" href=\"https:\/\/elconspirador.com.mx\/?p=37271\">Leer m\u00e1s<\/a><\/p>\n","protected":false},"author":1,"featured_media":37272,"comment_status":"open","ping_status":"open","sticky":false,"template":"","format":"standard","meta":{"om_disable_all_campaigns":false,"_uf_show_specific_survey":0,"_uf_disable_surveys":false},"categories":[1],"tags":[],"aioseo_notices":[],"_links":{"self":[{"href":"https:\/\/elconspirador.com.mx\/index.php?rest_route=\/wp\/v2\/posts\/37271"}],"collection":[{"href":"https:\/\/elconspirador.com.mx\/index.php?rest_route=\/wp\/v2\/posts"}],"about":[{"href":"https:\/\/elconspirador.com.mx\/index.php?rest_route=\/wp\/v2\/types\/post"}],"author":[{"embeddable":true,"href":"https:\/\/elconspirador.com.mx\/index.php?rest_route=\/wp\/v2\/users\/1"}],"replies":[{"embeddable":true,"href":"https:\/\/elconspirador.com.mx\/index.php?rest_route=%2Fwp%2Fv2%2Fcomments&post=37271"}],"version-history":[{"count":1,"href":"https:\/\/elconspirador.com.mx\/index.php?rest_route=\/wp\/v2\/posts\/37271\/revisions"}],"predecessor-version":[{"id":37273,"href":"https:\/\/elconspirador.com.mx\/index.php?rest_route=\/wp\/v2\/posts\/37271\/revisions\/37273"}],"wp:featuredmedia":[{"embeddable":true,"href":"https:\/\/elconspirador.com.mx\/index.php?rest_route=\/wp\/v2\/media\/37272"}],"wp:attachment":[{"href":"https:\/\/elconspirador.com.mx\/index.php?rest_route=%2Fwp%2Fv2%2Fmedia&parent=37271"}],"wp:term":[{"taxonomy":"category","embeddable":true,"href":"https:\/\/elconspirador.com.mx\/index.php?rest_route=%2Fwp%2Fv2%2Fcategories&post=37271"},{"taxonomy":"post_tag","embeddable":true,"href":"https:\/\/elconspirador.com.mx\/index.php?rest_route=%2Fwp%2Fv2%2Ftags&post=37271"}],"curies":[{"name":"wp","href":"https:\/\/api.w.org\/{rel}","templated":true}]}}