{"id":37285,"date":"2023-11-22T08:00:34","date_gmt":"2023-11-22T14:00:34","guid":{"rendered":"https:\/\/elconspirador.com.mx\/?p=37285"},"modified":"2023-11-22T08:00:34","modified_gmt":"2023-11-22T14:00:34","slug":"investigan-a-los-padres-del-menor-que-disparo-en-escuela","status":"publish","type":"post","link":"https:\/\/elconspirador.com.mx\/?p=37285","title":{"rendered":"INVESTIGAN A LOS PADRES DEL MENOR QUE DISPAR\u00d3 EN ESCUELA"},"content":{"rendered":"<p>La Fiscal\u00eda General del Estado mantiene las investigaciones para deslindar responsabilidades de los padres del menor que dispar\u00f3 en contra de su compa\u00f1ero de primaria, en la comunidad de Miranda, El Marqu\u00e9s.<\/p>\n<p>El titular de la dependencia, Alejandro Echeverr\u00eda Cornejo, record\u00f3 que el menor de 11 a\u00f1os no puede ser procesado penalmente debido a su edad, por lo que el caso fue remitido a la Procuradur\u00eda de la Defensa del Menor y la Familia del DIF Estatal.<\/p>\n<p>Sin embargo, la investigaci\u00f3n se mantiene, pues es necesario determinar qu\u00e9 fue lo qu\u00e9 pas\u00f3 para determinar si hubo responsabilidad de las personas adultas. Lo que necesitan determinar es c\u00f3mo lleg\u00f3 dicho artefacto al menor.<\/p>\n<p>\u201cHabr\u00eda responsabilidad (de madre y padre) si ellos se la hubieran dado (el arma), sin embargo, es un tema que no hemos podido concluir dentro de las investigaciones que estamos realizando, como para definir si efectivamente hay una omisi\u00f3n o una responsabilidad tanto de la maestra como de los padres\u201d.<\/p>\n<p>Reconoci\u00f3 que el arma que se us\u00f3 \u201ces hechiza\u201d y se puede conseguir hasta por internet sin ninguna regulaci\u00f3n.<\/p>\n","protected":false},"excerpt":{"rendered":"<p>La Fiscal\u00eda General del Estado mantiene las investigaciones para deslindar responsabilidades de los padres del menor que dispar\u00f3 en contra de su compa\u00f1ero de primaria, en la comunidad de Miranda, El Marqu\u00e9s. El titular de la dependencia, Alejandro Echeverr\u00eda Cornejo, record\u00f3 que el menor de 11 a\u00f1os no puede ser procesado penalmente debido a su edad, por lo que el<\/p>\n<div class=\"h10\"><\/div>\n<p><a class=\"more-link2 flat\" href=\"https:\/\/elconspirador.com.mx\/?p=37285\">Leer m\u00e1s<\/a><\/p>\n","protected":false},"author":1,"featured_media":37004,"comment_status":"open","ping_status":"open","sticky":false,"template":"","format":"standard","meta":{"om_disable_all_campaigns":false,"_uf_show_specific_survey":0,"_uf_disable_surveys":false},"categories":[1],"tags":[],"aioseo_notices":[],"_links":{"self":[{"href":"https:\/\/elconspirador.com.mx\/index.php?rest_route=\/wp\/v2\/posts\/37285"}],"collection":[{"href":"https:\/\/elconspirador.com.mx\/index.php?rest_route=\/wp\/v2\/posts"}],"about":[{"href":"https:\/\/elconspirador.com.mx\/index.php?rest_route=\/wp\/v2\/types\/post"}],"author":[{"embeddable":true,"href":"https:\/\/elconspirador.com.mx\/index.php?rest_route=\/wp\/v2\/users\/1"}],"replies":[{"embeddable":true,"href":"https:\/\/elconspirador.com.mx\/index.php?rest_route=%2Fwp%2Fv2%2Fcomments&post=37285"}],"version-history":[{"count":2,"href":"https:\/\/elconspirador.com.mx\/index.php?rest_route=\/wp\/v2\/posts\/37285\/revisions"}],"predecessor-version":[{"id":37287,"href":"https:\/\/elconspirador.com.mx\/index.php?rest_route=\/wp\/v2\/posts\/37285\/revisions\/37287"}],"wp:featuredmedia":[{"embeddable":true,"href":"https:\/\/elconspirador.com.mx\/index.php?rest_route=\/wp\/v2\/media\/37004"}],"wp:attachment":[{"href":"https:\/\/elconspirador.com.mx\/index.php?rest_route=%2Fwp%2Fv2%2Fmedia&parent=37285"}],"wp:term":[{"taxonomy":"category","embeddable":true,"href":"https:\/\/elconspirador.com.mx\/index.php?rest_route=%2Fwp%2Fv2%2Fcategories&post=37285"},{"taxonomy":"post_tag","embeddable":true,"href":"https:\/\/elconspirador.com.mx\/index.php?rest_route=%2Fwp%2Fv2%2Ftags&post=37285"}],"curies":[{"name":"wp","href":"https:\/\/api.w.org\/{rel}","templated":true}]}}