{"id":37289,"date":"2023-11-21T12:07:54","date_gmt":"2023-11-21T18:07:54","guid":{"rendered":"https:\/\/elconspirador.com.mx\/?p=37289"},"modified":"2023-11-21T12:07:54","modified_gmt":"2023-11-21T18:07:54","slug":"pri-quiere-limitar-servicio-de-agua-a-deudores-alimentarios","status":"publish","type":"post","link":"https:\/\/elconspirador.com.mx\/?p=37289","title":{"rendered":"PRI QUIERE LIMITAR SERVICIO DE AGUA A DEUDORES ALIMENTARIOS"},"content":{"rendered":"<p>En el marco del Foro \u201cObligaciones Alimentarias: un acercamiento desde la perspectiva local\u201d y, como complemento a la iniciativa que present\u00f3 el pasado 28 de marzo del 2023 y a la que despu\u00e9s se sum\u00f3 el PAN y Quer\u00e9taro Independiente con la iniciativa presentada en junio de este a\u00f1o; Ospital Carrera propuso que los deudores alimentarios no tengan el servicio de agua potable, limitado a 50 litros por d\u00eda; es decir, el m\u00ednimo que requiere una persona para garantizar sus necesidades b\u00e1sicas, tal como lo ha establecido la Organizaci\u00f3n Mundial de la Salud (OMS).<\/p>\n<p>Paul Ospital reiter\u00f3 la necesidad de contar con un Registro de Deudores Alimentarios, como protecci\u00f3n a los derechos de las ni\u00f1as, ni\u00f1os y adolescentes (NNA): &#8220;esta no es una medida arbitraria, es una llamada a la responsabilidad. Es hacerles la vida imposible cuando, con sus acciones afectan de fondo, el desarrollo de sus hijos&#8221;.<\/p>\n<p>Al tiempo de se\u00f1alar que al mplementar este Registro, estar\u00edamos enviando un mensaje claro de que en Quer\u00e9taro, la responsabilidad no puede eludirse; Ospital Carrera record\u00f3 que la iniciativa que present\u00f3, se\u00f1ala tambi\u00e9n la prohibici\u00f3n para que los deudores obtengan su licencia para conducir: &#8220;con esta propuesta, est\u00e1 contemplado el trabajo conjunto con la CEA y Japam, en el caso de limitar el servicio de agua y con Seguridad Ciudadana, en el caso de las licencias&#8221;.<\/p>\n<p>&#8220;Esta medida no es un acto de se\u00f1alamiento, sino m\u00e1s bien un recordatorio visible de que, en Quer\u00e9taro, cada individuo tiene un papel crucial en el mantenimiento de la fortaleza colectiva. En esencia, un acto de protecci\u00f3n hacia nuestros ni\u00f1os, un escudo para defenderlos de quienes deciden esconderse en la sombra de la negligencia&#8221;.<\/p>\n<p>Finalmente, el tambi\u00e9n coordinador del Grupo Parlamentario del PRI, Paul Ospital Carrera, explic\u00f3 que este registro es un compromiso con la idea de que ning\u00fan ni\u00f1o deber\u00eda pasar un solo d\u00eda sin la seguridad de tener sus necesidades b\u00e1sicas cubiertas: &#8220;es un llamado a la responsabilidad, record\u00e1ndonos a todos que la protecci\u00f3n de los derechos de los ni\u00f1os queretanos es una prioridad inquebrantable&#8221;.<\/p>\n","protected":false},"excerpt":{"rendered":"<p>En el marco del Foro \u201cObligaciones Alimentarias: un acercamiento desde la perspectiva local\u201d y, como complemento a la iniciativa que present\u00f3 el pasado 28 de marzo del 2023 y a la que despu\u00e9s se sum\u00f3 el PAN y Quer\u00e9taro Independiente con la iniciativa presentada en junio de este a\u00f1o; Ospital Carrera propuso que los deudores alimentarios no tengan el servicio<\/p>\n<div class=\"h10\"><\/div>\n<p><a class=\"more-link2 flat\" href=\"https:\/\/elconspirador.com.mx\/?p=37289\">Leer m\u00e1s<\/a><\/p>\n","protected":false},"author":1,"featured_media":37290,"comment_status":"open","ping_status":"open","sticky":false,"template":"","format":"standard","meta":{"om_disable_all_campaigns":false,"_uf_show_specific_survey":0,"_uf_disable_surveys":false},"categories":[1],"tags":[],"aioseo_notices":[],"_links":{"self":[{"href":"https:\/\/elconspirador.com.mx\/index.php?rest_route=\/wp\/v2\/posts\/37289"}],"collection":[{"href":"https:\/\/elconspirador.com.mx\/index.php?rest_route=\/wp\/v2\/posts"}],"about":[{"href":"https:\/\/elconspirador.com.mx\/index.php?rest_route=\/wp\/v2\/types\/post"}],"author":[{"embeddable":true,"href":"https:\/\/elconspirador.com.mx\/index.php?rest_route=\/wp\/v2\/users\/1"}],"replies":[{"embeddable":true,"href":"https:\/\/elconspirador.com.mx\/index.php?rest_route=%2Fwp%2Fv2%2Fcomments&post=37289"}],"version-history":[{"count":2,"href":"https:\/\/elconspirador.com.mx\/index.php?rest_route=\/wp\/v2\/posts\/37289\/revisions"}],"predecessor-version":[{"id":37296,"href":"https:\/\/elconspirador.com.mx\/index.php?rest_route=\/wp\/v2\/posts\/37289\/revisions\/37296"}],"wp:featuredmedia":[{"embeddable":true,"href":"https:\/\/elconspirador.com.mx\/index.php?rest_route=\/wp\/v2\/media\/37290"}],"wp:attachment":[{"href":"https:\/\/elconspirador.com.mx\/index.php?rest_route=%2Fwp%2Fv2%2Fmedia&parent=37289"}],"wp:term":[{"taxonomy":"category","embeddable":true,"href":"https:\/\/elconspirador.com.mx\/index.php?rest_route=%2Fwp%2Fv2%2Fcategories&post=37289"},{"taxonomy":"post_tag","embeddable":true,"href":"https:\/\/elconspirador.com.mx\/index.php?rest_route=%2Fwp%2Fv2%2Ftags&post=37289"}],"curies":[{"name":"wp","href":"https:\/\/api.w.org\/{rel}","templated":true}]}}