{"id":37310,"date":"2023-11-21T13:29:20","date_gmt":"2023-11-21T19:29:20","guid":{"rendered":"https:\/\/elconspirador.com.mx\/?p=37310"},"modified":"2023-11-21T13:29:20","modified_gmt":"2023-11-21T19:29:20","slug":"kuri-inaugura-congreso-de-justicia","status":"publish","type":"post","link":"https:\/\/elconspirador.com.mx\/?p=37310","title":{"rendered":"KURI INAUGURA CONGRESO DE JUSTICIA"},"content":{"rendered":"<p class=\"s6\"><span class=\"s7\"><span class=\"bumpedFont15\">En Quer\u00e9taro nos enorgullecemos de elevar la calidad de nuestra justicia, afirm\u00f3 el gobernador, Mauricio Kuri Gonz\u00e1lez, al inaugurar el Congreso de Justicia Cotidiana, a trav\u00e9s de los Medios Alternativos de Soluci\u00f3n de Conflictos, que constituyen uno de los pilares fundamentales para que haya paz y legalidad en las comunidades.<\/span><\/span><\/p>\n<p class=\"s6\">\n<p class=\"s6\"><span class=\"s7\"><span class=\"bumpedFont15\">\u201cEstoy seguro que los resultados de este congreso llevar\u00e1n a Quer\u00e9taro a un nivel superior en materia de justicia, donde cada ciudadana y ciudadano encuentren una herramienta efectiva y personalizada para resolver sus conflictos. Adem\u00e1s, nos permitir\u00e1 consolidar una justicia de excelencia y ejemplo a nivel nacional\u201d, apunt\u00f3. <\/span><\/span><\/p>\n<p class=\"s6\">\n<p class=\"s6\"><span class=\"s7\"><span class=\"bumpedFont15\">Durante su mensaje en el Quer\u00e9taro Centro de Congresos (QCC), Kuri Gonz\u00e1lez resalt\u00f3 que la justicia del estado es una de las m\u00e1s reconocidas a nivel nacional y se tiene el compromiso de construir un entorno donde \u00e9sta sea verdaderamente inclusiva y accesible para <\/span><\/span><span class=\"s7\"><span class=\"bumpedFont15\">todas y <\/span><\/span><span class=\"s7\"><span class=\"bumpedFont15\">todos.<\/span><\/span><\/p>\n<p class=\"s6\">\n<p class=\"s6\"><span class=\"s7\"><span class=\"bumpedFont15\">En este tenor explic\u00f3 que en el Centro de Prevenci\u00f3n S<\/span><\/span><span class=\"s7\"><span class=\"bumpedFont15\">ocial del Delito y la Violencia<\/span><\/span><span class=\"s7\"><span class=\"bumpedFont15\"> se ha trazado el prop\u00f3sito de fomentar una cultura arraigada en los valores de paz, legalidad, prevenci\u00f3n del delito, <\/span><\/span><span class=\"s7\"><span class=\"bumpedFont15\">y<\/span><\/span><span class=\"s7\"><span class=\"bumpedFont15\"> sobre todo, el respeto absoluto a los derechos humanos de los ciudadanos.<\/span><\/span><\/p>\n<p class=\"s6\">\n<p class=\"s6\"><span class=\"s7\"><span class=\"bumpedFont15\">Para ello, dijo, se han dado pasos significativos hacia la consolidaci\u00f3n de la justicia cotidiana, a trav\u00e9s de mecanismos alternativos, entre los que destac\u00f3 la permanente capacitaci\u00f3n del personal policial en t\u00e9cnicas de mediaci\u00f3n. <\/span><\/span><\/p>\n<p class=\"s6\">\n<p class=\"s6\"><span class=\"s7\"><span class=\"bumpedFont15\">Se\u00f1al\u00f3 que dotar a las y los agentes con habilidades fundamentadas en la resoluci\u00f3n pac\u00edfica de conflictos, ha permitido fortalecer el ejercicio de una justicia que se adapta a las neces<\/span><\/span><span class=\"s7\"><span class=\"bumpedFont15\">idades de la poblaci\u00f3n<\/span><\/span><span class=\"s7\"><span class=\"bumpedFont15\">.<\/span><\/span><\/p>\n<p class=\"s6\">\n<p class=\"s6\"><span class=\"s7\"><span class=\"bumpedFont15\">Adem\u00e1s, mencion\u00f3, se elabor\u00f3 la Gu\u00eda de Operaci\u00f3n Policial para la Funci\u00f3n de la Justicia Cotidiana, documento que puso en manos de las y los polic\u00edas, y que marca un paso importante en el camino hacia una justicia m\u00e1s accesible y equitativa.<\/span><\/span><\/p>\n<p class=\"s6\">\n<p class=\"s6\"><span class=\"s7\"><span class=\"bumpedFont15\">\u201cEste documento, concebido por expertos comprometidos, ser\u00e1 una br\u00fajula de actuaci\u00f3n para nuestros agentes de proximidad, actores fundamentales dentro del Modelo de<\/span><\/span><span class=\"s7\"><span class=\"bumpedFont15\"> la Justicia C\u00edvica en nuestro e<\/span><\/span><span class=\"s7\"><span class=\"bumpedFont15\">stado\u201d, subray\u00f3. <\/span><\/span><\/p>\n<p class=\"s6\">\n<p class=\"s6\"><span class=\"s7\"><span class=\"bumpedFont15\">Mauricio Kuri agradeci\u00f3 la participaci\u00f3n activa de tod<\/span><\/span><span class=\"s7\"><span class=\"bumpedFont15\">as y todos los presentes en el<\/span><\/span><span class=\"s7\"><span class=\"bumpedFont15\"> evento, que abona a seguir construyendo un Quer\u00e9taro m\u00e1s justo, pac\u00edfico y pr\u00f3spero para <\/span><\/span><span class=\"s7\"><span class=\"bumpedFont15\">todas y <\/span><\/span><span class=\"s7\"><span class=\"bumpedFont15\">todos. <\/span><\/span><\/p>\n<p class=\"s6\">\n<p class=\"s6\"><span class=\"s7\"><span class=\"bumpedFont15\">Al tomar la palabra, el asesor en Pol\u00edticas P\u00fablicas, Juan Mart\u00edn Granados Torres, record\u00f3 que el Gobernador se comprometi\u00f3 a hacer lo necesario para que las y los queretanos pudieran vivir sin miedo, y sus palabras, se\u00f1al\u00f3, se convirtieron en el dise\u00f1o e implementaci\u00f3n de la estrategia de la prevenci\u00f3n del delito y violencia.<\/span><\/span><\/p>\n<p class=\"s6\">\n<p class=\"s6\"><span class=\"s7\"><span class=\"bumpedFont15\">Refiri\u00f3 que acciones como la iniciativa de ley que present\u00f3 ante el Poder Legislativo y que cre\u00f3 el Centro de <\/span><\/span><span class=\"s7\"><span class=\"bumpedFont15\">Prevenci\u00f3n<\/span><\/span><span class=\"s7\"><span class=\"bumpedFont15\">Social del Delito y la Violencia, han dado sentido a su voluntad pol\u00edtica. <\/span><\/span><\/p>\n<p class=\"s6\">\n<p class=\"s6\"><span class=\"s7\"><span class=\"bumpedFont15\">En cuanto a la <\/span><\/span><span class=\"s7\"><span class=\"bumpedFont15\">Gu\u00eda<\/span><\/span><span class=\"s7\"><span class=\"bumpedFont15\"> de <\/span><\/span><span class=\"s7\"><span class=\"bumpedFont15\">Operaci\u00f3n<\/span><\/span><span class=\"s7\"><span class=\"bumpedFont15\"> Policial para la <\/span><\/span><span class=\"s7\"><span class=\"bumpedFont15\">Funci\u00f3n<\/span><\/span><span class=\"s7\"><span class=\"bumpedFont15\"> de Justicia Cotidiana, detall\u00f3 que se trata de un ejercicio de transparencia, porque a partir de su difusi\u00f3n las y los queretanos podr\u00e1n tener claridad de la funci\u00f3n policial, para beneficiar la gesti\u00f3n de conflictos y lograr la convivencia a partir del convencimiento de los ciudadanos de que es mejor dirimir sus diferencias mediante el di\u00e1logo.<\/span><\/span><\/p>\n<p class=\"s6\">\n<p class=\"s6\"><span class=\"s7\"><span class=\"bumpedFont15\">\u201cA partir de esta fecha, todas las corporaciones qu<\/span><\/span><span class=\"s7\"><span class=\"bumpedFont15\">e integran la polic\u00eda queretana<\/span><\/span><span class=\"s7\"><span class=\"bumpedFont15\"> cuentan con un documento que sustenta y describe la actuaci\u00f3n del polic\u00eda de proximidad como garante del derecho humano a la justicia cotidiana\u201d, puntualiz\u00f3.<\/span><\/span><\/p>\n<p class=\"s6\">\n<p class=\"s6\"><span class=\"s7\"><span class=\"bumpedFont15\">En su momento, la directora del Centro de Prevenci\u00f3n Social del Delito y Violencia en el Estado, Sonia Col\u00edn <\/span><\/span><span class=\"s7\"><span class=\"bumpedFont15\">Aboytes<\/span><\/span><span class=\"s7\"><span class=\"bumpedFont15\">, explic\u00f3 que la justicia cotidiana es una respuesta a problem\u00e1ticas como ruido excesivo, basura en la calle o mangueras abiertas, conflictos del d\u00eda a d\u00eda, que de no tratarse pueden llegar a otros delitos.<\/span><\/span><\/p>\n<p class=\"s6\">\n<p class=\"s6\"><span class=\"s7\"><span class=\"bumpedFont15\">Finalmente, el presidente de la Comisi\u00f3n de Justicia de la C\u00e1mara de Diputados, Felipe Fernando Mac\u00edas Olvera, distingui\u00f3 a Quer\u00e9taro como una tierra de respeto a las leyes, reglamentos, la Constituci\u00f3n e instituciones. Indic\u00f3 que el trabajo que actualmente se realiza en el estado, en el que los polic\u00edas son agentes indispensables de la armon\u00eda y comunicaci\u00f3n social, siendo mediadores y haciendo equipo con <\/span><\/span><span class=\"s7\"><span class=\"bumpedFont15\">las procuradur\u00edas<\/span><\/span><span class=\"s7\"><span class=\"bumpedFont15\">, se convierte en la ruta para atajar cualquier hecho delictivo. <\/span><\/span><\/p>\n<p class=\"s6\">\n<p class=\"s6\"><span class=\"s7\"><span class=\"bumpedFont15\">Cabe mencionar <\/span><\/span><span class=\"s7\"><span class=\"bumpedFont15\">que<\/span><\/span><span class=\"s7\"><span class=\"bumpedFont15\"> en el marco de la ceremonia, el Gobe<\/span><\/span><span class=\"s7\"><span class=\"bumpedFont15\">rnador de Quer\u00e9taro entreg\u00f3 la G<\/span><\/span><span class=\"s7\"><span class=\"bumpedFont15\">u\u00eda de <\/span><\/span><span class=\"s7\"><span class=\"bumpedFont15\">Operaci\u00f3n<\/span><\/span><span class=\"s7\"><span class=\"bumpedFont15\">Policial para la <\/span><\/span><span class=\"s7\"><span class=\"bumpedFont15\">Funci\u00f3n<\/span><\/span><span class=\"s7\"><span class=\"bumpedFont15\"> de Justicia Cotidiana a representantes de instituciones policiales de los municipios de la entidad.<\/span><\/span><\/p>\n","protected":false},"excerpt":{"rendered":"<p>En Quer\u00e9taro nos enorgullecemos de elevar la calidad de nuestra justicia, afirm\u00f3 el gobernador, Mauricio Kuri Gonz\u00e1lez, al inaugurar el Congreso de Justicia Cotidiana, a trav\u00e9s de los Medios Alternativos de Soluci\u00f3n de Conflictos, que constituyen uno de los pilares fundamentales para que haya paz y legalidad en las comunidades. \u201cEstoy seguro que los resultados de este congreso llevar\u00e1n a<\/p>\n<div class=\"h10\"><\/div>\n<p><a class=\"more-link2 flat\" href=\"https:\/\/elconspirador.com.mx\/?p=37310\">Leer m\u00e1s<\/a><\/p>\n","protected":false},"author":1,"featured_media":37311,"comment_status":"open","ping_status":"open","sticky":false,"template":"","format":"standard","meta":{"om_disable_all_campaigns":false,"_uf_show_specific_survey":0,"_uf_disable_surveys":false},"categories":[1],"tags":[],"aioseo_notices":[],"_links":{"self":[{"href":"https:\/\/elconspirador.com.mx\/index.php?rest_route=\/wp\/v2\/posts\/37310"}],"collection":[{"href":"https:\/\/elconspirador.com.mx\/index.php?rest_route=\/wp\/v2\/posts"}],"about":[{"href":"https:\/\/elconspirador.com.mx\/index.php?rest_route=\/wp\/v2\/types\/post"}],"author":[{"embeddable":true,"href":"https:\/\/elconspirador.com.mx\/index.php?rest_route=\/wp\/v2\/users\/1"}],"replies":[{"embeddable":true,"href":"https:\/\/elconspirador.com.mx\/index.php?rest_route=%2Fwp%2Fv2%2Fcomments&post=37310"}],"version-history":[{"count":1,"href":"https:\/\/elconspirador.com.mx\/index.php?rest_route=\/wp\/v2\/posts\/37310\/revisions"}],"predecessor-version":[{"id":37312,"href":"https:\/\/elconspirador.com.mx\/index.php?rest_route=\/wp\/v2\/posts\/37310\/revisions\/37312"}],"wp:featuredmedia":[{"embeddable":true,"href":"https:\/\/elconspirador.com.mx\/index.php?rest_route=\/wp\/v2\/media\/37311"}],"wp:attachment":[{"href":"https:\/\/elconspirador.com.mx\/index.php?rest_route=%2Fwp%2Fv2%2Fmedia&parent=37310"}],"wp:term":[{"taxonomy":"category","embeddable":true,"href":"https:\/\/elconspirador.com.mx\/index.php?rest_route=%2Fwp%2Fv2%2Fcategories&post=37310"},{"taxonomy":"post_tag","embeddable":true,"href":"https:\/\/elconspirador.com.mx\/index.php?rest_route=%2Fwp%2Fv2%2Ftags&post=37310"}],"curies":[{"name":"wp","href":"https:\/\/api.w.org\/{rel}","templated":true}]}}