{"id":37313,"date":"2023-11-21T19:41:47","date_gmt":"2023-11-22T01:41:47","guid":{"rendered":"https:\/\/elconspirador.com.mx\/?p=37313"},"modified":"2023-11-21T19:41:47","modified_gmt":"2023-11-22T01:41:47","slug":"sedif-ya-investiga-caso-de-menor-que-disparo-en-escuela","status":"publish","type":"post","link":"https:\/\/elconspirador.com.mx\/?p=37313","title":{"rendered":"SEDIF YA INVESTIGA CASO DE MENOR QUE DISPAR\u00d3 EN ESCUELA"},"content":{"rendered":"<p>El caso del menor responsable de la muerte de su compa\u00f1ero en una escuela de San Isidro Miranda ya se encuentra en manos del DIF estatal, as\u00ed lo confirm\u00f3 \u00d3scar G\u00f3mez Niembro.<\/p>\n<p>Por estar imposibilitados para procesarlo legalmente, la Fiscal\u00eda turn\u00f3 el caso al DIF estatal para conducir lo procedente con el menor.<\/p>\n<p>&#8220;Es un proceso de restituci\u00f3n de sus derechos. Entonces va a hacer una intervenci\u00f3n con un enfoque de restituci\u00f3n de sus derechos&#8221;.<\/p>\n<p>Sin embargo, G\u00f3mez Niembro aclar\u00f3 que todav\u00eda no han tenido contacto con el menor, pero en estos d\u00edas un grupo de psic\u00f3logos y trabajadores sociales acudir\u00e1n a su casa.<\/p>\n<p>&#8220;Vamos a hacer visitas de trabajo social en domicilio y tambi\u00e9n vamos a hacer evaluaciones psicol\u00f3gicas, tanto al menor de 11 a\u00f1os, como al entorno familiar, a los pap\u00e1s&#8221;.<\/p>\n<p>Asimismo, con la familia de la v\u00edctima tambi\u00e9n se espera el acercamiento para poner a disposici\u00f3n los requerimientos.<\/p>\n","protected":false},"excerpt":{"rendered":"<p>El caso del menor responsable de la muerte de su compa\u00f1ero en una escuela de San Isidro Miranda ya se encuentra en manos del DIF estatal, as\u00ed lo confirm\u00f3 \u00d3scar G\u00f3mez Niembro. Por estar imposibilitados para procesarlo legalmente, la Fiscal\u00eda turn\u00f3 el caso al DIF estatal para conducir lo procedente con el menor. &#8220;Es un proceso de restituci\u00f3n de sus<\/p>\n<div class=\"h10\"><\/div>\n<p><a class=\"more-link2 flat\" href=\"https:\/\/elconspirador.com.mx\/?p=37313\">Leer m\u00e1s<\/a><\/p>\n","protected":false},"author":1,"featured_media":37242,"comment_status":"open","ping_status":"open","sticky":false,"template":"","format":"standard","meta":{"om_disable_all_campaigns":false,"_uf_show_specific_survey":0,"_uf_disable_surveys":false},"categories":[1],"tags":[],"aioseo_notices":[],"_links":{"self":[{"href":"https:\/\/elconspirador.com.mx\/index.php?rest_route=\/wp\/v2\/posts\/37313"}],"collection":[{"href":"https:\/\/elconspirador.com.mx\/index.php?rest_route=\/wp\/v2\/posts"}],"about":[{"href":"https:\/\/elconspirador.com.mx\/index.php?rest_route=\/wp\/v2\/types\/post"}],"author":[{"embeddable":true,"href":"https:\/\/elconspirador.com.mx\/index.php?rest_route=\/wp\/v2\/users\/1"}],"replies":[{"embeddable":true,"href":"https:\/\/elconspirador.com.mx\/index.php?rest_route=%2Fwp%2Fv2%2Fcomments&post=37313"}],"version-history":[{"count":1,"href":"https:\/\/elconspirador.com.mx\/index.php?rest_route=\/wp\/v2\/posts\/37313\/revisions"}],"predecessor-version":[{"id":37314,"href":"https:\/\/elconspirador.com.mx\/index.php?rest_route=\/wp\/v2\/posts\/37313\/revisions\/37314"}],"wp:featuredmedia":[{"embeddable":true,"href":"https:\/\/elconspirador.com.mx\/index.php?rest_route=\/wp\/v2\/media\/37242"}],"wp:attachment":[{"href":"https:\/\/elconspirador.com.mx\/index.php?rest_route=%2Fwp%2Fv2%2Fmedia&parent=37313"}],"wp:term":[{"taxonomy":"category","embeddable":true,"href":"https:\/\/elconspirador.com.mx\/index.php?rest_route=%2Fwp%2Fv2%2Fcategories&post=37313"},{"taxonomy":"post_tag","embeddable":true,"href":"https:\/\/elconspirador.com.mx\/index.php?rest_route=%2Fwp%2Fv2%2Ftags&post=37313"}],"curies":[{"name":"wp","href":"https:\/\/api.w.org\/{rel}","templated":true}]}}