{"id":37324,"date":"2023-11-21T18:41:32","date_gmt":"2023-11-22T00:41:32","guid":{"rendered":"https:\/\/elconspirador.com.mx\/?p=37324"},"modified":"2023-11-21T18:41:32","modified_gmt":"2023-11-22T00:41:32","slug":"realiza-el-marques-desfile-conmemorativo-de-la-revolucion","status":"publish","type":"post","link":"https:\/\/elconspirador.com.mx\/?p=37324","title":{"rendered":"REALIZA EL MARQU\u00c9S DESFILE CONMEMORATIVO DE LA REVOLUCI\u00d3N"},"content":{"rendered":"<p>&nbsp;<\/p>\n<p>El municipio de El Marqu\u00e9s, a trav\u00e9s del Instituto Municipal del Deporte y Cultura (INDECU), llev\u00f3 a cabo el tradicional desfile conmeorativo al CXIII aniversario de la Revoluci\u00f3n Mexicana en La Ca\u00f1ada, el cual cont\u00f3 con un aforo de 2 mil 500 ciudadanos.<\/p>\n<p>En la explanada de la Plaza del Deporte, en La Ca\u00f1ada, el presidente municipal de El Marqu\u00e9s, Enrique Vega Carriles, encabez\u00f3 los honores a la bandera a cargo de la escolta y la banda de guerra de la Secretar\u00eda de Seguridad P\u00fablica y Tr\u00e1nsito Municipal (SSPyTM), para darle paso al recorrido que dio incio desde la Avenida Emiliano Zapata, hasta la Plaza San Pedro.<\/p>\n<p>Durante el evento, la Banda Municipal de El Marqu\u00e9s y la Estudiantina Incluyente del INDECU, musicalizaron el desfile. Asimismo, alumnos de diversas escuelas, desde nivel preescolar a media superior, marcharon y realizaron una presentaci\u00f3n de tablas r\u00edtmicas, ante autoridades presentes.<\/p>\n<p>De igual forma, dependencias como el Sistema Municipal para el Desarrollo Integral de la Familia, el Instituto Municipal de la Mujer, el Instituto Municipal para Prevenir Adicciones y Conductas de Riesgo, la Coordinaci\u00f3n de Protecci\u00f3n Civil y la Secretar\u00eda de Seguridad P\u00fablica y Tr\u00e1nsito Municipal participaron con una muestra de los programas y labores que realizan en beneficio de los marquesinos.<\/p>\n<p>Durante el recorrido el presidente estuvo acompa\u00f1ado del jefe de la Oficina de la Presidencia, Rodrigo Monsalvo Castel\u00e1n; el secretario del Ayuntamiento, Rodrigo Mesa Jim\u00e9nez; el director del Instituto Municipal del Deporte y Cultura, Ricardo Mart\u00ednez Coronel; entre otros secretarios que forman parte del gabinete municipal, as\u00ed como regidores.<\/p>\n","protected":false},"excerpt":{"rendered":"<p>&nbsp; El municipio de El Marqu\u00e9s, a trav\u00e9s del Instituto Municipal del Deporte y Cultura (INDECU), llev\u00f3 a cabo el tradicional desfile conmeorativo al CXIII aniversario de la Revoluci\u00f3n Mexicana en La Ca\u00f1ada, el cual cont\u00f3 con un aforo de 2 mil 500 ciudadanos. En la explanada de la Plaza del Deporte, en La Ca\u00f1ada, el presidente municipal de El<\/p>\n<div class=\"h10\"><\/div>\n<p><a class=\"more-link2 flat\" href=\"https:\/\/elconspirador.com.mx\/?p=37324\">Leer m\u00e1s<\/a><\/p>\n","protected":false},"author":1,"featured_media":37329,"comment_status":"open","ping_status":"open","sticky":false,"template":"","format":"standard","meta":{"om_disable_all_campaigns":false,"_uf_show_specific_survey":0,"_uf_disable_surveys":false},"categories":[1],"tags":[],"aioseo_notices":[],"_links":{"self":[{"href":"https:\/\/elconspirador.com.mx\/index.php?rest_route=\/wp\/v2\/posts\/37324"}],"collection":[{"href":"https:\/\/elconspirador.com.mx\/index.php?rest_route=\/wp\/v2\/posts"}],"about":[{"href":"https:\/\/elconspirador.com.mx\/index.php?rest_route=\/wp\/v2\/types\/post"}],"author":[{"embeddable":true,"href":"https:\/\/elconspirador.com.mx\/index.php?rest_route=\/wp\/v2\/users\/1"}],"replies":[{"embeddable":true,"href":"https:\/\/elconspirador.com.mx\/index.php?rest_route=%2Fwp%2Fv2%2Fcomments&post=37324"}],"version-history":[{"count":1,"href":"https:\/\/elconspirador.com.mx\/index.php?rest_route=\/wp\/v2\/posts\/37324\/revisions"}],"predecessor-version":[{"id":37330,"href":"https:\/\/elconspirador.com.mx\/index.php?rest_route=\/wp\/v2\/posts\/37324\/revisions\/37330"}],"wp:featuredmedia":[{"embeddable":true,"href":"https:\/\/elconspirador.com.mx\/index.php?rest_route=\/wp\/v2\/media\/37329"}],"wp:attachment":[{"href":"https:\/\/elconspirador.com.mx\/index.php?rest_route=%2Fwp%2Fv2%2Fmedia&parent=37324"}],"wp:term":[{"taxonomy":"category","embeddable":true,"href":"https:\/\/elconspirador.com.mx\/index.php?rest_route=%2Fwp%2Fv2%2Fcategories&post=37324"},{"taxonomy":"post_tag","embeddable":true,"href":"https:\/\/elconspirador.com.mx\/index.php?rest_route=%2Fwp%2Fv2%2Ftags&post=37324"}],"curies":[{"name":"wp","href":"https:\/\/api.w.org\/{rel}","templated":true}]}}