{"id":37348,"date":"2023-11-22T07:25:10","date_gmt":"2023-11-22T13:25:10","guid":{"rendered":"https:\/\/elconspirador.com.mx\/?p=37348"},"modified":"2023-11-22T07:25:10","modified_gmt":"2023-11-22T13:25:10","slug":"ampi-realizara-foro-inmobiliario","status":"publish","type":"post","link":"https:\/\/elconspirador.com.mx\/?p=37348","title":{"rendered":"AMPI REALIZAR\u00c1 FORO INMOBILIARIO"},"content":{"rendered":"<p>Presidentes de la Asociaci\u00f3n Mexicana de Profesionales Inmobiliarios AMPI regi\u00f3n 8, anunciaron el Foro Industrial Inmobiliario, el cual se llevar\u00e1 a cabo el 27 de noviembre en las instalaciones del Club de Industriales.<\/p>\n<p>De acuerdo a la presidenta de AMPI secci\u00f3n Metropolitana Col\u00f3n, Liliana Herrera, se reunir\u00e1n alrededor de 200 especialistas del gremio.<\/p>\n<p>Dentro del foro se llevar\u00e1n a cabo ponencias sobre el impacto que se ha tenido y se obtendr\u00e1 derivado al Nearshoring, destacando la ponencia del desarrollador inmobiliario, Jorge Torreslanda, quien hablar\u00e1 sobre la Inteligencia Artificial aplicada en cuestiones inmobiliarias.<\/p>\n<p>En este contexto el presidente de AMPI SAN Juan del R\u00edo y Municipios M\u00e1gicos, Aldo Iv\u00e1n Rodr\u00edguez, detall\u00f3 la importancia sobre la demanda de espacios inmobiliarios en la entidad sobre todo en car\u00e1cter industrial exponiendo que en la actualidad se tienen instalados 70 parques industriales en el estado.<\/p>\n<p>Los presidentes inmobiliarios coincidieron que el sector industrial es una \u00e1rea de oportunidad en capacitaci\u00f3n de cada uno de los asesores en el estado, ya que los municipios de Col\u00f3n, San Juan del R\u00edo y El Marqu\u00e9s se han ubicado entre los principales polos de desarrollo inmobiliario industrial.<\/p>\n<p>En este contexto ambos presidentes invitaron a los asesores interesados a inscribirse en la plataforma digital: https:\/\/wechamber.mx\/micrositio\/65373048a56da6001bab6f8e<\/p>\n","protected":false},"excerpt":{"rendered":"<p>Presidentes de la Asociaci\u00f3n Mexicana de Profesionales Inmobiliarios AMPI regi\u00f3n 8, anunciaron el Foro Industrial Inmobiliario, el cual se llevar\u00e1 a cabo el 27 de noviembre en las instalaciones del Club de Industriales. De acuerdo a la presidenta de AMPI secci\u00f3n Metropolitana Col\u00f3n, Liliana Herrera, se reunir\u00e1n alrededor de 200 especialistas del gremio. Dentro del foro se llevar\u00e1n a cabo<\/p>\n<div class=\"h10\"><\/div>\n<p><a class=\"more-link2 flat\" href=\"https:\/\/elconspirador.com.mx\/?p=37348\">Leer m\u00e1s<\/a><\/p>\n","protected":false},"author":1,"featured_media":37349,"comment_status":"open","ping_status":"open","sticky":false,"template":"","format":"standard","meta":{"om_disable_all_campaigns":false,"_uf_show_specific_survey":0,"_uf_disable_surveys":false},"categories":[1],"tags":[],"aioseo_notices":[],"_links":{"self":[{"href":"https:\/\/elconspirador.com.mx\/index.php?rest_route=\/wp\/v2\/posts\/37348"}],"collection":[{"href":"https:\/\/elconspirador.com.mx\/index.php?rest_route=\/wp\/v2\/posts"}],"about":[{"href":"https:\/\/elconspirador.com.mx\/index.php?rest_route=\/wp\/v2\/types\/post"}],"author":[{"embeddable":true,"href":"https:\/\/elconspirador.com.mx\/index.php?rest_route=\/wp\/v2\/users\/1"}],"replies":[{"embeddable":true,"href":"https:\/\/elconspirador.com.mx\/index.php?rest_route=%2Fwp%2Fv2%2Fcomments&post=37348"}],"version-history":[{"count":1,"href":"https:\/\/elconspirador.com.mx\/index.php?rest_route=\/wp\/v2\/posts\/37348\/revisions"}],"predecessor-version":[{"id":37350,"href":"https:\/\/elconspirador.com.mx\/index.php?rest_route=\/wp\/v2\/posts\/37348\/revisions\/37350"}],"wp:featuredmedia":[{"embeddable":true,"href":"https:\/\/elconspirador.com.mx\/index.php?rest_route=\/wp\/v2\/media\/37349"}],"wp:attachment":[{"href":"https:\/\/elconspirador.com.mx\/index.php?rest_route=%2Fwp%2Fv2%2Fmedia&parent=37348"}],"wp:term":[{"taxonomy":"category","embeddable":true,"href":"https:\/\/elconspirador.com.mx\/index.php?rest_route=%2Fwp%2Fv2%2Fcategories&post=37348"},{"taxonomy":"post_tag","embeddable":true,"href":"https:\/\/elconspirador.com.mx\/index.php?rest_route=%2Fwp%2Fv2%2Ftags&post=37348"}],"curies":[{"name":"wp","href":"https:\/\/api.w.org\/{rel}","templated":true}]}}