{"id":37371,"date":"2023-11-22T11:48:53","date_gmt":"2023-11-22T17:48:53","guid":{"rendered":"https:\/\/elconspirador.com.mx\/?p=37371"},"modified":"2023-11-22T11:48:53","modified_gmt":"2023-11-22T17:48:53","slug":"kuri-reconoce-a-auditores-estatales","status":"publish","type":"post","link":"https:\/\/elconspirador.com.mx\/?p=37371","title":{"rendered":"KURI RECONOCE A AUDITORES ESTATALES"},"content":{"rendered":"<p class=\"s6\"><span class=\"s7\"><span class=\"bumpedFont15\">En Quer\u00e9taro le apostamos a fortalecer a las instituciones, como una forma de evitar la <\/span><\/span><span class=\"s7\"><span class=\"bumpedFont15\">corrupci\u00f3n<\/span><\/span><span class=\"s7\"><span class=\"bumpedFont15\">, <\/span><\/span><span class=\"s7\"><span class=\"bumpedFont15\">enfatiz\u00f3<\/span><\/span> <span class=\"s7\"><span class=\"bumpedFont15\">el gobernador, <\/span><\/span><span class=\"s7\"><span class=\"bumpedFont15\">Mauricio Kuri Gonz\u00e1lez,<\/span><\/span><span class=\"s7\"><span class=\"bumpedFont15\"> al<\/span><\/span><span class=\"s7\"><span class=\"bumpedFont15\"> encabezar la entrega <\/span><\/span><span class=\"s7\"><span class=\"bumpedFont15\">de certificados <\/span><\/span><span class=\"s7\"><span class=\"bumpedFont15\">en Auditor\u00eda <\/span><\/span><span class=\"s7\"><span class=\"bumpedFont15\">y<\/span><\/span><span class=\"s7\"><span class=\"bumpedFont15\"> Contabilidad <\/span><\/span><span class=\"s7\"><span class=\"bumpedFont15\">Gubernamental a 39 servidores p\u00fablicos adscritos <\/span><\/span><span class=\"s7\"><span class=\"bumpedFont15\">a la Secretar\u00eda de la Contralor\u00eda, para reforzar sus competencias en el desempe\u00f1o de sus funciones.<\/span><\/span><\/p>\n<p class=\"s6\">\n<p class=\"s6\"><span class=\"s7\"><span class=\"bumpedFont15\">\u201c<\/span><\/span><span class=\"s7\"><span class=\"bumpedFont15\">A este<\/span><\/span><span class=\"s7\"><span class=\"bumpedFont15\"> gobierno le ha ido bien por una sola cosa, porque tengo la gente, la mejor gente preparada, echada para adelante, comprometida con el estado, no conmigo, con el estado (\u2026) Lo que ustedes est\u00e1n haciendo es lo que nos permite tener en Quer\u00e9taro, ese Quer\u00e9taro que todos queremos\u201d,<\/span><\/span> <span class=\"s7\"><span class=\"bumpedFont15\">subray\u00f3.<\/span><\/span><\/p>\n<p class=\"s6\">\n<p class=\"s6\"><span class=\"s7\"><span class=\"bumpedFont15\">Durante su mensaje<\/span><\/span><span class=\"s7\"><span class=\"bumpedFont15\">, el mandatario estatal <\/span><\/span><span class=\"s7\"><span class=\"bumpedFont15\">destac\u00f3 que una de las <\/span><\/span><span class=\"s7\"><span class=\"bumpedFont15\">prioridades de su administraci\u00f3n ha sido <\/span><\/span><span class=\"s7\"><span class=\"bumpedFont15\">la de combatir la corrupci\u00f3n y cumplir a la sociedad con transparencia y rendici\u00f3n de cuentas.<\/span><\/span> <span class=\"s7\"><span class=\"bumpedFont15\">Por ello,<\/span><\/span><span class=\"s7\"><span class=\"bumpedFont15\"> dijo, es que se ha <\/span><\/span><span class=\"s7\"><span class=\"bumpedFont15\">establecido una pol\u00edtica de capacitaci\u00f3n y certificaci\u00f3n de los servidores p\u00fablicos, con el fin de fortalecer el Estado de Derecho.<\/span><\/span><\/p>\n<p class=\"s6\">\n<p class=\"s6\"><span class=\"s7\"><span class=\"bumpedFont15\">Kuri Gonz\u00e1lez aprovech\u00f3 la ocasi\u00f3n <\/span><\/span><span class=\"s7\"><span class=\"bumpedFont15\">para reconocer el <\/span><\/span><span class=\"s7\"><span class=\"bumpedFont15\">trabajo<\/span><\/span><span class=\"s7\"><span class=\"bumpedFont15\"> de los servidores p\u00fablicos, <\/span><\/span><span class=\"s7\"><span class=\"bumpedFont15\">que ha<\/span><\/span> <span class=\"s7\"><span class=\"bumpedFont15\">dado como resultado <\/span><\/span><span class=\"s7\"><span class=\"bumpedFont15\">que en dos a\u00f1os de gesti\u00f3n <\/span><\/span><span class=\"s7\"><span class=\"bumpedFont15\">y m\u00e1s de 60 mil millones de pesos auditados<\/span><\/span><span class=\"s7\"><span class=\"bumpedFont15\">, no se <\/span><\/span><span class=\"s7\"><span class=\"bumpedFont15\">tengan observaciones <\/span><\/span><span class=\"s7\"><span class=\"bumpedFont15\">por parte de <\/span><\/span><span class=\"s7\"><span class=\"bumpedFont15\">la <\/span><\/span><span class=\"s7\"><span class=\"bumpedFont15\">Auditor\u00eda Superior de la Federaci\u00f3n<\/span><\/span><span class=\"s7\"><span class=\"bumpedFont15\"> (ASF), <\/span><\/span><span class=\"s7\"><span class=\"bumpedFont15\">dependencia que<\/span><\/span><span class=\"s7\"><span class=\"bumpedFont15\"> califica a Quer\u00e9taro con <\/span><\/span><span class=\"s7\"><span class=\"bumpedFont15\">cero observaciones, cero recomendaciones, cero pesos por reintegrar y cero pesos por aclarar.<\/span><\/span><\/p>\n<p class=\"s6\">\n<p class=\"s6\"><span class=\"s7\"><span class=\"bumpedFont15\">El Gobernado<\/span><\/span><span class=\"s7\"><span class=\"bumpedFont15\">r<\/span><\/span><span class=\"s7\"><span class=\"bumpedFont15\"> felicit\u00f3 <\/span><\/span><span class=\"s7\"><span class=\"bumpedFont15\">a las y los servidores p\u00fablicos <\/span><\/span><span class=\"s7\"><span class=\"bumpedFont15\">por <\/span><\/span><span class=\"s7\"><span class=\"bumpedFont15\">tomar m\u00e1s tiempo del que dedican a su trabajo para <\/span><\/span><span class=\"s7\"><span class=\"bumpedFont15\">seguir especializ\u00e1ndose<\/span><\/span><span class=\"s7\"><span class=\"bumpedFont15\">; <\/span><\/span><span class=\"s7\"><span class=\"bumpedFont15\">tambi\u00e9n<\/span><\/span><span class=\"s7\"><span class=\"bumpedFont15\"> los exhorto a continuar con e<\/span><\/span><span class=\"s7\"><span class=\"bumpedFont15\">se<\/span><\/span><span class=\"s7\"><span class=\"bumpedFont15\">compromiso y entrega q<\/span><\/span><span class=\"s7\"><span class=\"bumpedFont15\">ue los ha convertido en un ej\u00e9rcito que <\/span><\/span><span class=\"s7\"><span class=\"bumpedFont15\">brinda tranquilidad <\/span><\/span><span class=\"s7\"><span class=\"bumpedFont15\">al estado. <\/span><\/span><\/p>\n<p class=\"s6\">\n<p class=\"s6\"><span class=\"s7\"><span class=\"bumpedFont15\">En su intervenci\u00f3n<\/span><\/span><span class=\"s7\"><span class=\"bumpedFont15\">, el secretario de la Contralor\u00eda, <\/span><\/span><span class=\"s7\"><span class=\"bumpedFont15\">Oscar Garc\u00eda Gonz\u00e1lez,<\/span><\/span> <span class=\"s7\"><span class=\"bumpedFont15\">indic\u00f3 que una de<\/span><\/span><span class=\"s7\"><span class=\"bumpedFont15\"> las obligaciones de la dependencia que representa es <\/span><\/span><span class=\"s7\"><span class=\"bumpedFont15\">implementar <\/span><\/span><span class=\"s7\"><span class=\"bumpedFont15\">un<\/span><\/span> <span class=\"s7\"><span class=\"bumpedFont15\">sistema de rendici\u00f3n de cuentas basado en la prevenci\u00f3n, control y fiscalizaci\u00f3n de los recursos y vigilar que los responsables de estos lo hagan dentro del marco de la legalidad y la transparencia<\/span><\/span><span class=\"s7\"><span class=\"bumpedFont15\">. <\/span><\/span><\/p>\n<p class=\"s6\">\n<p class=\"s6\"><span class=\"s7\"><span class=\"bumpedFont15\">Asimismo<\/span><\/span><span class=\"s7\"><span class=\"bumpedFont15\">, se\u00f1al\u00f3 que <\/span><\/span><span class=\"s7\"><span class=\"bumpedFont15\">con el prop\u00f3sito <\/span><\/span><span class=\"s7\"><span class=\"bumpedFont15\">de reforzar <\/span><\/span><span class=\"s7\"><span class=\"bumpedFont15\">las competencias<\/span><\/span> <span class=\"s7\"><span class=\"bumpedFont15\">de<\/span><\/span><span class=\"s7\"><span class=\"bumpedFont15\"> las y<\/span><\/span><span class=\"s7\"><span class=\"bumpedFont15\"> los servidores p\u00fablicos, la Secretar\u00eda de la Contralor\u00eda gestion\u00f3 ante el Colegio de Profesionistas en Contadur\u00eda y Finanzas y el Colegio Nacional de Contadur\u00eda P\u00fablica, la certificaci\u00f3n en Auditor\u00eda y Contabilidad Gubernamental<\/span><\/span><span class=\"s7\"><span class=\"bumpedFont15\">. <\/span><\/span><\/p>\n<p class=\"s6\">\n<p class=\"s6\"><span class=\"s7\"><span class=\"bumpedFont15\">\u201cSe\u00f1or Gobernador le informo que somos la primera dependencia en certificarse en Contabilidad Gubernamental, en donde la importancia avala la capacidad profesional para ejercer de manera competente las funciones de los servidores p\u00fablicos en el \u00e1mbito de las materias referidas, convirti\u00e9ndose a su vez, en un mecanismo que coadyuve con la gobernanza y la gobernabilidad en el estado de Quer\u00e9taro\u201d, expres\u00f3.<\/span><\/span><\/p>\n<p class=\"s6\">\n<p class=\"s6\"><span class=\"s7\"><span class=\"bumpedFont15\">A <\/span><\/span><span class=\"s7\"><span class=\"bumpedFont15\">su vez, la <\/span><\/span><span class=\"s7\"><span class=\"bumpedFont15\">presidenta del <\/span><\/span><span class=\"s7\"><span class=\"bumpedFont15\">Colegio de Profesionistas en Contadur\u00eda P\u00fablica Fiscal y Finanzas del Estado<\/span><\/span><span class=\"s7\"><span class=\"bumpedFont15\">, <\/span><\/span><span class=\"s7\"><span class=\"bumpedFont15\">Gabriela Flores de Jes\u00fas,<\/span><\/span> <span class=\"s7\"><span class=\"bumpedFont15\">detall\u00f3 que la certificaci\u00f3n de l<\/span><\/span><span class=\"s7\"><span class=\"bumpedFont15\">as y los 39 funcionarios abona a<\/span><\/span><span class=\"s7\"><span class=\"bumpedFont15\">l<\/span><\/span><span class=\"s7\"><span class=\"bumpedFont15\"> conocimiento, <\/span><\/span><span class=\"s7\"><span class=\"bumpedFont15\">habilidades y aptitudes; pero adem\u00e1s posiciona a <\/span><\/span><span class=\"s7\"><span class=\"bumpedFont15\">Quer\u00e9taro como referente nacional en el manejo de recursos p\u00fablicos, combate <\/span><\/span><span class=\"s7\"><span class=\"bumpedFont15\">a la <\/span><\/span><span class=\"s7\"><span class=\"bumpedFont15\">corrupci\u00f3n y transparencia en la rendici\u00f3n de cuentas.<\/span><\/span><\/p>\n<p class=\"s6\">\n<p class=\"s6\"><span class=\"s7\"><span class=\"bumpedFont15\">Cabe<\/span><\/span><span class=\"s7\"><span class=\"bumpedFont15\"> mencionar<\/span><\/span><span class=\"s7\"><span class=\"bumpedFont15\"> que en el marco de la ceremonia<\/span><\/span><span class=\"s7\"><span class=\"bumpedFont15\">, <\/span><\/span><span class=\"s7\"><span class=\"bumpedFont15\">el Gobernador de Quer\u00e9taro <\/span><\/span><span class=\"s7\"><span class=\"bumpedFont15\">y el Secretario de la Contralor\u00eda recibieron <\/span><\/span><span class=\"s7\"><span class=\"bumpedFont15\">un reconocimiento <\/span><\/span><span class=\"s7\"><span class=\"bumpedFont15\">por el impulso a la superaci\u00f3n integral de los servidores p\u00fablicos<\/span><\/span><span class=\"s7\"><span class=\"bumpedFont15\">, y <\/span><\/span><span class=\"s7\"><span class=\"bumpedFont15\">por lograr de manera satisfactoria la <\/span><\/span><span class=\"s7\"><span class=\"bumpedFont15\">certificaci\u00f3n.<\/span><\/span><\/p>\n","protected":false},"excerpt":{"rendered":"<p>En Quer\u00e9taro le apostamos a fortalecer a las instituciones, como una forma de evitar la corrupci\u00f3n, enfatiz\u00f3 el gobernador, Mauricio Kuri Gonz\u00e1lez, al encabezar la entrega de certificados en Auditor\u00eda y Contabilidad Gubernamental a 39 servidores p\u00fablicos adscritos a la Secretar\u00eda de la Contralor\u00eda, para reforzar sus competencias en el desempe\u00f1o de sus funciones. \u201cA este gobierno le ha ido<\/p>\n<div class=\"h10\"><\/div>\n<p><a class=\"more-link2 flat\" href=\"https:\/\/elconspirador.com.mx\/?p=37371\">Leer m\u00e1s<\/a><\/p>\n","protected":false},"author":1,"featured_media":37372,"comment_status":"open","ping_status":"open","sticky":false,"template":"","format":"standard","meta":{"om_disable_all_campaigns":false,"_uf_show_specific_survey":0,"_uf_disable_surveys":false},"categories":[1],"tags":[],"aioseo_notices":[],"_links":{"self":[{"href":"https:\/\/elconspirador.com.mx\/index.php?rest_route=\/wp\/v2\/posts\/37371"}],"collection":[{"href":"https:\/\/elconspirador.com.mx\/index.php?rest_route=\/wp\/v2\/posts"}],"about":[{"href":"https:\/\/elconspirador.com.mx\/index.php?rest_route=\/wp\/v2\/types\/post"}],"author":[{"embeddable":true,"href":"https:\/\/elconspirador.com.mx\/index.php?rest_route=\/wp\/v2\/users\/1"}],"replies":[{"embeddable":true,"href":"https:\/\/elconspirador.com.mx\/index.php?rest_route=%2Fwp%2Fv2%2Fcomments&post=37371"}],"version-history":[{"count":1,"href":"https:\/\/elconspirador.com.mx\/index.php?rest_route=\/wp\/v2\/posts\/37371\/revisions"}],"predecessor-version":[{"id":37373,"href":"https:\/\/elconspirador.com.mx\/index.php?rest_route=\/wp\/v2\/posts\/37371\/revisions\/37373"}],"wp:featuredmedia":[{"embeddable":true,"href":"https:\/\/elconspirador.com.mx\/index.php?rest_route=\/wp\/v2\/media\/37372"}],"wp:attachment":[{"href":"https:\/\/elconspirador.com.mx\/index.php?rest_route=%2Fwp%2Fv2%2Fmedia&parent=37371"}],"wp:term":[{"taxonomy":"category","embeddable":true,"href":"https:\/\/elconspirador.com.mx\/index.php?rest_route=%2Fwp%2Fv2%2Fcategories&post=37371"},{"taxonomy":"post_tag","embeddable":true,"href":"https:\/\/elconspirador.com.mx\/index.php?rest_route=%2Fwp%2Fv2%2Ftags&post=37371"}],"curies":[{"name":"wp","href":"https:\/\/api.w.org\/{rel}","templated":true}]}}