{"id":37378,"date":"2023-11-22T14:09:06","date_gmt":"2023-11-22T20:09:06","guid":{"rendered":"https:\/\/elconspirador.com.mx\/?p=37378"},"modified":"2023-11-22T14:09:06","modified_gmt":"2023-11-22T20:09:06","slug":"usebeq-apoyara-a-estudiantes-de-la-escuela-miguel-hidalgo","status":"publish","type":"post","link":"https:\/\/elconspirador.com.mx\/?p=37378","title":{"rendered":"USEBEQ APOYAR\u00c1 A ESTUDIANTES DE LA ESCUELA MIGUEL HIDALGO"},"content":{"rendered":"<p>Tras los hechos ocurridos en la primaria Miguel Hidalgo, la coordinadora de la Unidad de Servicios para la Educaci\u00f3n B\u00e1sica en el Estado de Quer\u00e9taro (USEBEQ), Irene Quintanar, garantiz\u00f3 el apoyo emocional para los estudiantes.<\/p>\n<p>En su segundo d\u00eda al frente de la instituci\u00f3n, revel\u00f3 que los alumnos ya volvieron a las aulas en la primaria de San Isidro Miranda, por ello un grupo de especialistas acudir\u00e1 a otorgar el apoyo.<\/p>\n<p>&#8220;Son temas muy desagradables, son temas muy complicados. Como pap\u00e1s esto nos pone tambi\u00e9n, que si mi ni\u00f1o est\u00e1 ah\u00ed me preocupo. Hay un equipo de valores, hay un equipo en USEBEQ en la parte de educaci\u00f3n que est\u00e1 trabajando, que est\u00e1 acompa\u00f1ando a todos estos ni\u00f1os&#8221;.<\/p>\n<p>Sobre la revisi\u00f3n de mochilas a los menores, Irene Quintanar dijo que esta pol\u00edtica no se implementar\u00e1 por ser violatoria de los derechos de los ni\u00f1os.<\/p>\n<p>&#8220;Vamos a continuar con un trabajo acompa\u00f1ando a los padres de familia, hoy nuestros ni\u00f1os requieren que la familia se fortalezca y nosotros vamos a participar en esto&#8221;.<\/p>\n","protected":false},"excerpt":{"rendered":"<p>Tras los hechos ocurridos en la primaria Miguel Hidalgo, la coordinadora de la Unidad de Servicios para la Educaci\u00f3n B\u00e1sica en el Estado de Quer\u00e9taro (USEBEQ), Irene Quintanar, garantiz\u00f3 el apoyo emocional para los estudiantes. En su segundo d\u00eda al frente de la instituci\u00f3n, revel\u00f3 que los alumnos ya volvieron a las aulas en la primaria de San Isidro Miranda,<\/p>\n<div class=\"h10\"><\/div>\n<p><a class=\"more-link2 flat\" href=\"https:\/\/elconspirador.com.mx\/?p=37378\">Leer m\u00e1s<\/a><\/p>\n","protected":false},"author":1,"featured_media":37379,"comment_status":"open","ping_status":"open","sticky":false,"template":"","format":"standard","meta":{"om_disable_all_campaigns":false,"_uf_show_specific_survey":0,"_uf_disable_surveys":false},"categories":[1],"tags":[],"aioseo_notices":[],"_links":{"self":[{"href":"https:\/\/elconspirador.com.mx\/index.php?rest_route=\/wp\/v2\/posts\/37378"}],"collection":[{"href":"https:\/\/elconspirador.com.mx\/index.php?rest_route=\/wp\/v2\/posts"}],"about":[{"href":"https:\/\/elconspirador.com.mx\/index.php?rest_route=\/wp\/v2\/types\/post"}],"author":[{"embeddable":true,"href":"https:\/\/elconspirador.com.mx\/index.php?rest_route=\/wp\/v2\/users\/1"}],"replies":[{"embeddable":true,"href":"https:\/\/elconspirador.com.mx\/index.php?rest_route=%2Fwp%2Fv2%2Fcomments&post=37378"}],"version-history":[{"count":1,"href":"https:\/\/elconspirador.com.mx\/index.php?rest_route=\/wp\/v2\/posts\/37378\/revisions"}],"predecessor-version":[{"id":37380,"href":"https:\/\/elconspirador.com.mx\/index.php?rest_route=\/wp\/v2\/posts\/37378\/revisions\/37380"}],"wp:featuredmedia":[{"embeddable":true,"href":"https:\/\/elconspirador.com.mx\/index.php?rest_route=\/wp\/v2\/media\/37379"}],"wp:attachment":[{"href":"https:\/\/elconspirador.com.mx\/index.php?rest_route=%2Fwp%2Fv2%2Fmedia&parent=37378"}],"wp:term":[{"taxonomy":"category","embeddable":true,"href":"https:\/\/elconspirador.com.mx\/index.php?rest_route=%2Fwp%2Fv2%2Fcategories&post=37378"},{"taxonomy":"post_tag","embeddable":true,"href":"https:\/\/elconspirador.com.mx\/index.php?rest_route=%2Fwp%2Fv2%2Ftags&post=37378"}],"curies":[{"name":"wp","href":"https:\/\/api.w.org\/{rel}","templated":true}]}}