{"id":37381,"date":"2023-11-22T12:33:49","date_gmt":"2023-11-22T18:33:49","guid":{"rendered":"https:\/\/elconspirador.com.mx\/?p=37381"},"modified":"2023-11-22T12:33:49","modified_gmt":"2023-11-22T18:33:49","slug":"frio-durara-hasta-el-viernes","status":"publish","type":"post","link":"https:\/\/elconspirador.com.mx\/?p=37381","title":{"rendered":"FR\u00cdO DURAR\u00c1 HASTA EL VIERNES"},"content":{"rendered":"<p>Se prev\u00e9 que contin\u00faen las bajas temperaturas hasta el d\u00eda de ma\u00f1ana, derivado del frente fr\u00edo n\u00famero 11, dio a conocer Omar Lugo Aguilar, director de Protecci\u00f3n Civil Municipal de Corregidora, quien recomend\u00f3 a la ciudadan\u00eda mantenerse abrigados y tener cuidados para elevar sus defensas y evitar afectaciones a su salud.<\/p>\n<p>\u201c\u00c9ste es el frente fr\u00edo n\u00famero 11, de los 56 que se pronostican en esta temporada 2023-2024. El d\u00eda de hoy y el d\u00eda de ma\u00f1ana tenemos descensos de temperatura, ya el viernes aumentar\u00e1n las temperaturas. Hoy esperamos temperaturas m\u00ednimas de 7\u00baC y m\u00e1xima de 16\u00baC\u201d, detall\u00f3.<\/p>\n<p>Indic\u00f3 que se tiene especial atenci\u00f3n en las partes m\u00e1s vulnerables del municipio, como lo son las zonas altas: Joaqu\u00edn Herrera, Pur\u00edsima de la Cueva, Charco Blanco, El Jaral, todo lo que es la zona de comunidades; as\u00ed como en parte de las colonias y asentamientos humanos que est\u00e1n en la parte alta, en donde se sienten m\u00e1s r\u00e1fagas de viento y el descenso de temperatura es notable.<\/p>\n<p>\u201cTenemos nosotros un operativo permanente de la temporada invernal, en la cual se llevan a cabo recorridos para identificar a alguna persona vulnerable y, en caso de ser as\u00ed, poderle otorgar alg\u00fan apoyo\u201d, resalt\u00f3.<\/p>\n<p>El funcionario municipal hizo hincapi\u00e9 en la importancia de usar prendas abrigadoras, especialmente gorros, bufandas y guantes; adem\u00e1s de tener cuidados preventivos para la salud.<\/p>\n<p>\u201cRecordemos que es en la cabeza y las manos en donde perdemos un poco m\u00e1s de temperatura, y que sigamos tomando much\u00edsimos l\u00edquidos, sobre todo vitamina C, para aumentar nuestras defensas\u201d, puntualiz\u00f3.<\/p>\n<p>Finalmente, recomend\u00f3 a la poblaci\u00f3n mantenerse informada a trav\u00e9s de las redes sociales oficiales, del Municipio, de Gobierno del Estado o del Servicio Meteorol\u00f3gico Nacional (SMN), para tener informaci\u00f3n precisa y correcta.<\/p>\n","protected":false},"excerpt":{"rendered":"<p>Se prev\u00e9 que contin\u00faen las bajas temperaturas hasta el d\u00eda de ma\u00f1ana, derivado del frente fr\u00edo n\u00famero 11, dio a conocer Omar Lugo Aguilar, director de Protecci\u00f3n Civil Municipal de Corregidora, quien recomend\u00f3 a la ciudadan\u00eda mantenerse abrigados y tener cuidados para elevar sus defensas y evitar afectaciones a su salud. \u201c\u00c9ste es el frente fr\u00edo n\u00famero 11, de los<\/p>\n<div class=\"h10\"><\/div>\n<p><a class=\"more-link2 flat\" href=\"https:\/\/elconspirador.com.mx\/?p=37381\">Leer m\u00e1s<\/a><\/p>\n","protected":false},"author":1,"featured_media":37382,"comment_status":"open","ping_status":"open","sticky":false,"template":"","format":"standard","meta":{"om_disable_all_campaigns":false,"_uf_show_specific_survey":0,"_uf_disable_surveys":false},"categories":[1],"tags":[],"aioseo_notices":[],"_links":{"self":[{"href":"https:\/\/elconspirador.com.mx\/index.php?rest_route=\/wp\/v2\/posts\/37381"}],"collection":[{"href":"https:\/\/elconspirador.com.mx\/index.php?rest_route=\/wp\/v2\/posts"}],"about":[{"href":"https:\/\/elconspirador.com.mx\/index.php?rest_route=\/wp\/v2\/types\/post"}],"author":[{"embeddable":true,"href":"https:\/\/elconspirador.com.mx\/index.php?rest_route=\/wp\/v2\/users\/1"}],"replies":[{"embeddable":true,"href":"https:\/\/elconspirador.com.mx\/index.php?rest_route=%2Fwp%2Fv2%2Fcomments&post=37381"}],"version-history":[{"count":1,"href":"https:\/\/elconspirador.com.mx\/index.php?rest_route=\/wp\/v2\/posts\/37381\/revisions"}],"predecessor-version":[{"id":37383,"href":"https:\/\/elconspirador.com.mx\/index.php?rest_route=\/wp\/v2\/posts\/37381\/revisions\/37383"}],"wp:featuredmedia":[{"embeddable":true,"href":"https:\/\/elconspirador.com.mx\/index.php?rest_route=\/wp\/v2\/media\/37382"}],"wp:attachment":[{"href":"https:\/\/elconspirador.com.mx\/index.php?rest_route=%2Fwp%2Fv2%2Fmedia&parent=37381"}],"wp:term":[{"taxonomy":"category","embeddable":true,"href":"https:\/\/elconspirador.com.mx\/index.php?rest_route=%2Fwp%2Fv2%2Fcategories&post=37381"},{"taxonomy":"post_tag","embeddable":true,"href":"https:\/\/elconspirador.com.mx\/index.php?rest_route=%2Fwp%2Fv2%2Ftags&post=37381"}],"curies":[{"name":"wp","href":"https:\/\/api.w.org\/{rel}","templated":true}]}}