{"id":37392,"date":"2023-11-22T21:22:05","date_gmt":"2023-11-23T03:22:05","guid":{"rendered":"https:\/\/elconspirador.com.mx\/?p=37392"},"modified":"2023-11-22T21:22:05","modified_gmt":"2023-11-23T03:22:05","slug":"para-febrero-mercado-artesanal-capitalino","status":"publish","type":"post","link":"https:\/\/elconspirador.com.mx\/?p=37392","title":{"rendered":"PARA FEBRERO MERCADO ARTESANAL CAPITALINO"},"content":{"rendered":"<p>En febrero de 2024 iniciar\u00e1 operaciones el mercado artesanal del municipio de Quer\u00e9taro, el cual se ubicar\u00e1 en lo que actualmente es un estacionamiento ubicado en la calle Arteaga, esquina con Allende, inform\u00f3 Juan Carlos Arregu\u00edn Baltazar, subsecretario de gobierno de la capital.<\/p>\n<p>Record\u00f3 que este espacio podr\u00e1 albergar a los 204 artesanos que venden en el Centro Hist\u00f3rico y mencion\u00f3 que la inversi\u00f3n para este espacio es de alrededor de 13 millones de pesos, los cuales se destinar\u00e1n al pago de renta, construcci\u00f3n de ba\u00f1os p\u00fablicos y una cafeter\u00eda, as\u00ed como la compra de stands tipo carritos, entre otros.<\/p>\n<p>\u201cEste procedimiento es un procedimiento largo y creemos que en febrero estaremos en condiciones de abrir este espacio, un espacio innovador y que seguramente ser\u00e1 valuarte a nivel nacional\u201d, mencion\u00f3.<\/p>\n<p>Arregu\u00edn Baltazar indic\u00f3 que, adem\u00e1s, se contar\u00e1 con un taller de confecci\u00f3n para que los comerciantes muestren sus artesan\u00edas y el proceso de producci\u00f3n, y refiri\u00f3 que actualmente est\u00e1n en proceso del concurso de adecuaci\u00f3n del bien inmueble.<\/p>\n<p>\u201cLa bondad de este terreno es que se conecta con el CEDAI, se puede comunicar, por eso ha sido un poco tardado porque nos incluy\u00f3 los permisos para poder comunicar estos dos inmuebles, el centro artesanal y el CEDAI\u201d, a\u00f1adi\u00f3.<\/p>\n","protected":false},"excerpt":{"rendered":"<p>En febrero de 2024 iniciar\u00e1 operaciones el mercado artesanal del municipio de Quer\u00e9taro, el cual se ubicar\u00e1 en lo que actualmente es un estacionamiento ubicado en la calle Arteaga, esquina con Allende, inform\u00f3 Juan Carlos Arregu\u00edn Baltazar, subsecretario de gobierno de la capital. Record\u00f3 que este espacio podr\u00e1 albergar a los 204 artesanos que venden en el Centro Hist\u00f3rico y<\/p>\n<div class=\"h10\"><\/div>\n<p><a class=\"more-link2 flat\" href=\"https:\/\/elconspirador.com.mx\/?p=37392\">Leer m\u00e1s<\/a><\/p>\n","protected":false},"author":1,"featured_media":37393,"comment_status":"open","ping_status":"open","sticky":false,"template":"","format":"standard","meta":{"om_disable_all_campaigns":false,"_uf_show_specific_survey":0,"_uf_disable_surveys":false},"categories":[1],"tags":[],"aioseo_notices":[],"_links":{"self":[{"href":"https:\/\/elconspirador.com.mx\/index.php?rest_route=\/wp\/v2\/posts\/37392"}],"collection":[{"href":"https:\/\/elconspirador.com.mx\/index.php?rest_route=\/wp\/v2\/posts"}],"about":[{"href":"https:\/\/elconspirador.com.mx\/index.php?rest_route=\/wp\/v2\/types\/post"}],"author":[{"embeddable":true,"href":"https:\/\/elconspirador.com.mx\/index.php?rest_route=\/wp\/v2\/users\/1"}],"replies":[{"embeddable":true,"href":"https:\/\/elconspirador.com.mx\/index.php?rest_route=%2Fwp%2Fv2%2Fcomments&post=37392"}],"version-history":[{"count":1,"href":"https:\/\/elconspirador.com.mx\/index.php?rest_route=\/wp\/v2\/posts\/37392\/revisions"}],"predecessor-version":[{"id":37394,"href":"https:\/\/elconspirador.com.mx\/index.php?rest_route=\/wp\/v2\/posts\/37392\/revisions\/37394"}],"wp:featuredmedia":[{"embeddable":true,"href":"https:\/\/elconspirador.com.mx\/index.php?rest_route=\/wp\/v2\/media\/37393"}],"wp:attachment":[{"href":"https:\/\/elconspirador.com.mx\/index.php?rest_route=%2Fwp%2Fv2%2Fmedia&parent=37392"}],"wp:term":[{"taxonomy":"category","embeddable":true,"href":"https:\/\/elconspirador.com.mx\/index.php?rest_route=%2Fwp%2Fv2%2Fcategories&post=37392"},{"taxonomy":"post_tag","embeddable":true,"href":"https:\/\/elconspirador.com.mx\/index.php?rest_route=%2Fwp%2Fv2%2Ftags&post=37392"}],"curies":[{"name":"wp","href":"https:\/\/api.w.org\/{rel}","templated":true}]}}