{"id":37431,"date":"2023-11-24T08:42:12","date_gmt":"2023-11-24T14:42:12","guid":{"rendered":"https:\/\/elconspirador.com.mx\/?p=37431"},"modified":"2023-11-24T08:42:12","modified_gmt":"2023-11-24T14:42:12","slug":"capital-destinara-4-mdp-para-adornos-navidenos","status":"publish","type":"post","link":"https:\/\/elconspirador.com.mx\/?p=37431","title":{"rendered":"CAPITAL DESTINAR\u00c1 4 MDP PARA ADORNOS NAVIDE\u00d1OS"},"content":{"rendered":"<p>Del 1 de diciembre al 8 de enero se iluminar\u00e1n diversos puntos del Centro Hist\u00f3rico y fachadas de las siete delegaciones, adem\u00e1s de la colocaci\u00f3n de nochebuenas, en las que se invertir\u00e1n cinco millones de pesos, inform\u00f3 Alejandra Haro de la Torre, secretaria de servicios p\u00fablicos del municipio de Quer\u00e9taro.<\/p>\n<p>En rueda de prensa, coment\u00f3 que se colocar\u00e1n 276 adornos decorativos, 606 guirnaldas de luz led, 100 cortinas de luz led, 12 adornos monumentales, un \u00e1rbol navide\u00f1o de 20 metros de altura y un t\u00fanel de 120 metros de longitud en el andador 5 de mayo. En este caso, la inversi\u00f3n es de cuatro millones de pesos.<\/p>\n<p>Los puntos que ser\u00e1n iluminados son jard\u00edn Guerrero, andador Madero, plaza Mariano de las casas, calle Corregidora de Zaragoza a Independencia, andador Luis Pasteur, Juan Caballero, los andadores Libertad, 16 de septiembre, Vergara y 5 de mayo, el tanque, la Alameda Hidalgo, plaza fundadores y las fachadas de las siete delegaciones municipales.<\/p>\n<p>\u201cEn total, la cantidad de luces led que se colocar\u00e1n son 123 mil 974 en el primer cuadro de la ciudad, seis mil 380 en las siete delegaciones, total 130 mil 354 luces led. El retiro de adornos ser\u00e1 del 9 al 15 de enero del a\u00f1o 2024, la empresa que brindar\u00e1 el servicio es Inursus ingenier\u00eda y urbanismo sustentable\u201d, dijo.<\/p>\n<p>Asimismo, coment\u00f3 que se invertir\u00e1 un mill\u00f3n de pesos en la colocaci\u00f3n de m\u00e1s de 11 mil 200 nochebuenas en diversos puntos del Centro Hist\u00f3rico como el jard\u00edn corregidora, jard\u00edn Zenea, plazas de Armas, plaza constituci\u00f3n, el tanque, la alameda, el mausoleo, el cerro campanas, andador Madero, plaza de la familia, atrio de La Cruz, Avenida Universidad, Santa Clara, Los Arcos y Mariano de las Casas.<\/p>\n","protected":false},"excerpt":{"rendered":"<p>Del 1 de diciembre al 8 de enero se iluminar\u00e1n diversos puntos del Centro Hist\u00f3rico y fachadas de las siete delegaciones, adem\u00e1s de la colocaci\u00f3n de nochebuenas, en las que se invertir\u00e1n cinco millones de pesos, inform\u00f3 Alejandra Haro de la Torre, secretaria de servicios p\u00fablicos del municipio de Quer\u00e9taro. En rueda de prensa, coment\u00f3 que se colocar\u00e1n 276 adornos<\/p>\n<div class=\"h10\"><\/div>\n<p><a class=\"more-link2 flat\" href=\"https:\/\/elconspirador.com.mx\/?p=37431\">Leer m\u00e1s<\/a><\/p>\n","protected":false},"author":1,"featured_media":37432,"comment_status":"open","ping_status":"open","sticky":false,"template":"","format":"standard","meta":{"om_disable_all_campaigns":false,"_uf_show_specific_survey":0,"_uf_disable_surveys":false},"categories":[1],"tags":[],"aioseo_notices":[],"_links":{"self":[{"href":"https:\/\/elconspirador.com.mx\/index.php?rest_route=\/wp\/v2\/posts\/37431"}],"collection":[{"href":"https:\/\/elconspirador.com.mx\/index.php?rest_route=\/wp\/v2\/posts"}],"about":[{"href":"https:\/\/elconspirador.com.mx\/index.php?rest_route=\/wp\/v2\/types\/post"}],"author":[{"embeddable":true,"href":"https:\/\/elconspirador.com.mx\/index.php?rest_route=\/wp\/v2\/users\/1"}],"replies":[{"embeddable":true,"href":"https:\/\/elconspirador.com.mx\/index.php?rest_route=%2Fwp%2Fv2%2Fcomments&post=37431"}],"version-history":[{"count":2,"href":"https:\/\/elconspirador.com.mx\/index.php?rest_route=\/wp\/v2\/posts\/37431\/revisions"}],"predecessor-version":[{"id":37468,"href":"https:\/\/elconspirador.com.mx\/index.php?rest_route=\/wp\/v2\/posts\/37431\/revisions\/37468"}],"wp:featuredmedia":[{"embeddable":true,"href":"https:\/\/elconspirador.com.mx\/index.php?rest_route=\/wp\/v2\/media\/37432"}],"wp:attachment":[{"href":"https:\/\/elconspirador.com.mx\/index.php?rest_route=%2Fwp%2Fv2%2Fmedia&parent=37431"}],"wp:term":[{"taxonomy":"category","embeddable":true,"href":"https:\/\/elconspirador.com.mx\/index.php?rest_route=%2Fwp%2Fv2%2Fcategories&post=37431"},{"taxonomy":"post_tag","embeddable":true,"href":"https:\/\/elconspirador.com.mx\/index.php?rest_route=%2Fwp%2Fv2%2Ftags&post=37431"}],"curies":[{"name":"wp","href":"https:\/\/api.w.org\/{rel}","templated":true}]}}