{"id":37474,"date":"2023-11-24T06:50:51","date_gmt":"2023-11-24T12:50:51","guid":{"rendered":"https:\/\/elconspirador.com.mx\/?p=37474"},"modified":"2023-11-24T06:50:51","modified_gmt":"2023-11-24T12:50:51","slug":"la-capital-modelo-de-justicia-civica","status":"publish","type":"post","link":"https:\/\/elconspirador.com.mx\/?p=37474","title":{"rendered":"LA CAPITAL, MODELO DE JUSTICIA C\u00cdVICA"},"content":{"rendered":"<p>&nbsp;<\/p>\n<p>El Presidente Municipal de Quer\u00e9taro, Luis Nava, acompa\u00f1\u00f3 al Gobernador del Estado, Mauricio Kuri Gonz\u00e1lez, en la inauguraci\u00f3n del Primer Foro Metropolitano de Pr\u00e1cticas de Justicia C\u00edvica Queretana, donde a trav\u00e9s de diversas ponencias, se dan a conocer las pr\u00e1cticas del modelo queretano de justicia c\u00edvica que se implementa en los municipios de Corregidora, Quer\u00e9taro, El Marqu\u00e9s y San Juan del R\u00edo.<\/p>\n<p>&#8220;Estamos convencidos de que este foro representa un paso significativo en la mejor implementaci\u00f3n de este modelo, en t\u00e9rminos de la promoci\u00f3n del di\u00e1logo y la reflexi\u00f3n en torno a las pr\u00e1cticas de justicia c\u00edvica; estoy seguro que seguir\u00e1n marcando la diferencia en la manera de concebir e impartir justicia en nuestros municipios, en favor de la tranquilidad y la sana convivencia entre las familias queretanas. Trabajemos de la mano por un Quer\u00e9taro m\u00e1s justo, una sociedad pac\u00edfica, eso es llevar la justicia al siguiente nivel, y ese es el Quer\u00e9taro que todos queremos&#8221;, asegur\u00f3 Luis Nava.<\/p>\n<p>El Alcalde celebr\u00f3 la iniciativa de Gobierno del Estado para impulsar la Justicia C\u00edvica porque considera la perspectiva de prevenci\u00f3n y fortalecimiento del tejido social que viene impulsando el Municipio de Quer\u00e9taro, y como ejemplo dijo que de septiembre a la fecha han sido sancionadas 231 personas con trabajo a favor de la comunidad, elemento promovido por este modelo de justicia c\u00edvica.<\/p>\n<p>&nbsp;<\/p>\n","protected":false},"excerpt":{"rendered":"<p>&nbsp; El Presidente Municipal de Quer\u00e9taro, Luis Nava, acompa\u00f1\u00f3 al Gobernador del Estado, Mauricio Kuri Gonz\u00e1lez, en la inauguraci\u00f3n del Primer Foro Metropolitano de Pr\u00e1cticas de Justicia C\u00edvica Queretana, donde a trav\u00e9s de diversas ponencias, se dan a conocer las pr\u00e1cticas del modelo queretano de justicia c\u00edvica que se implementa en los municipios de Corregidora, Quer\u00e9taro, El Marqu\u00e9s y San<\/p>\n<div class=\"h10\"><\/div>\n<p><a class=\"more-link2 flat\" href=\"https:\/\/elconspirador.com.mx\/?p=37474\">Leer m\u00e1s<\/a><\/p>\n","protected":false},"author":1,"featured_media":37475,"comment_status":"open","ping_status":"open","sticky":false,"template":"","format":"standard","meta":{"om_disable_all_campaigns":false,"_uf_show_specific_survey":0,"_uf_disable_surveys":false},"categories":[1],"tags":[],"aioseo_notices":[],"_links":{"self":[{"href":"https:\/\/elconspirador.com.mx\/index.php?rest_route=\/wp\/v2\/posts\/37474"}],"collection":[{"href":"https:\/\/elconspirador.com.mx\/index.php?rest_route=\/wp\/v2\/posts"}],"about":[{"href":"https:\/\/elconspirador.com.mx\/index.php?rest_route=\/wp\/v2\/types\/post"}],"author":[{"embeddable":true,"href":"https:\/\/elconspirador.com.mx\/index.php?rest_route=\/wp\/v2\/users\/1"}],"replies":[{"embeddable":true,"href":"https:\/\/elconspirador.com.mx\/index.php?rest_route=%2Fwp%2Fv2%2Fcomments&post=37474"}],"version-history":[{"count":1,"href":"https:\/\/elconspirador.com.mx\/index.php?rest_route=\/wp\/v2\/posts\/37474\/revisions"}],"predecessor-version":[{"id":37476,"href":"https:\/\/elconspirador.com.mx\/index.php?rest_route=\/wp\/v2\/posts\/37474\/revisions\/37476"}],"wp:featuredmedia":[{"embeddable":true,"href":"https:\/\/elconspirador.com.mx\/index.php?rest_route=\/wp\/v2\/media\/37475"}],"wp:attachment":[{"href":"https:\/\/elconspirador.com.mx\/index.php?rest_route=%2Fwp%2Fv2%2Fmedia&parent=37474"}],"wp:term":[{"taxonomy":"category","embeddable":true,"href":"https:\/\/elconspirador.com.mx\/index.php?rest_route=%2Fwp%2Fv2%2Fcategories&post=37474"},{"taxonomy":"post_tag","embeddable":true,"href":"https:\/\/elconspirador.com.mx\/index.php?rest_route=%2Fwp%2Fv2%2Ftags&post=37474"}],"curies":[{"name":"wp","href":"https:\/\/api.w.org\/{rel}","templated":true}]}}