{"id":37478,"date":"2023-11-23T21:52:30","date_gmt":"2023-11-24T03:52:30","guid":{"rendered":"https:\/\/elconspirador.com.mx\/?p=37478"},"modified":"2023-11-23T21:52:30","modified_gmt":"2023-11-24T03:52:30","slug":"organizaciones-civiles-piden-mejor-infraestructura-vial-capitalina","status":"publish","type":"post","link":"https:\/\/elconspirador.com.mx\/?p=37478","title":{"rendered":"ORGANIZACIONES CIVILES PIDEN MEJOR INFRAESTRUCTURA VIAL CAPITALINA"},"content":{"rendered":"<p>Diversas organizaciones de la sociedad civil, entre ellas ciclistas, presentaron un escrito a los regidores y el presidente municipal de Quer\u00e9taro, Luis Nava, para solicitar que en el Programa de Obra Anual (POA) 2024 del municipio de Quer\u00e9taro se incluyan 10 obras para favorecer a peatones y ciclistas.<\/p>\n<p>Mar\u00eda del Mar Covarrubias Castro, integrante del colectivo Pedaleanda, destac\u00f3 que el objetivo es que las vialidades sean tramos m\u00e1s seguros; detall\u00f3 que las propuestas de intervenci\u00f3n son la intersecci\u00f3n de la carretera 57 con Avenida Constituyentes; la lateral de Boulevard Bernardo Quintana, desde Avenida Universidad a Constituyentes; delimitar la ciclov\u00eda ubicada en Avenida Constituyentes; el distribuidor vial de Paseo de la Colina y los cruces peatonales de Avenida Zaragoza.<\/p>\n<p>Asimismo, los cruces ciclistas y peatonales del Cerro del Tambor; Avenida Tecnol\u00f3gico, entre las calles Pino Su\u00e1rez e Hidalgo; el paso deprimido del distribuidor Boulevard de las Am\u00e9ricas; prolongaci\u00f3n Bernardo Quintana, de plaza Patio a Avenida de la Luz y la rehabilitaci\u00f3n de la ciclov\u00eda de Paseo de la Rep\u00fablica.<\/p>\n<p>\u201cEste documento se entrega solicitando 10 obras, que consideramos prioritarias, al municipio de Quer\u00e9taro, que le dan continuidad al trabajo que ya se viene haciendo por parte de la Secretar\u00eda de Movilidad, y se une al proyecto de corredores ciclistas\u201d, a\u00f1adi\u00f3.<\/p>\n<p>Extern\u00f3 que las solicitudes est\u00e1n respaldadas en el reglamento de movilidad y de tr\u00e1nsito del municipio de Quer\u00e9taro, el plan municipal de desarrollo y la Ley general de movilidad y seguridad vial.<\/p>\n<p>Agreg\u00f3 que la finalidad de las obras es atender los desaf\u00edos de la ciudad en materia de movilidad sostenible, as\u00ed como las muertes viales, el congestionamiento del tr\u00e1fico vial, la precariedad de espacios para ciclistas y peatones, la infraestructura ciclista no interconectada, as\u00ed como la dependencia excesiva del transporte individual de carros.<\/p>\n<p>Adem\u00e1s, reconoci\u00f3 que el municipio de Quer\u00e9taro es uno de los que m\u00e1s ha impulsado la infraestructura ciclistas, por lo que confi\u00f3 en que tomaran en consideraci\u00f3n su propuesta para mantenerse en el ranking de ciclociudades.<\/p>\n","protected":false},"excerpt":{"rendered":"<p>Diversas organizaciones de la sociedad civil, entre ellas ciclistas, presentaron un escrito a los regidores y el presidente municipal de Quer\u00e9taro, Luis Nava, para solicitar que en el Programa de Obra Anual (POA) 2024 del municipio de Quer\u00e9taro se incluyan 10 obras para favorecer a peatones y ciclistas. Mar\u00eda del Mar Covarrubias Castro, integrante del colectivo Pedaleanda, destac\u00f3 que el<\/p>\n<div class=\"h10\"><\/div>\n<p><a class=\"more-link2 flat\" href=\"https:\/\/elconspirador.com.mx\/?p=37478\">Leer m\u00e1s<\/a><\/p>\n","protected":false},"author":1,"featured_media":37479,"comment_status":"open","ping_status":"open","sticky":false,"template":"","format":"standard","meta":{"om_disable_all_campaigns":false,"_uf_show_specific_survey":0,"_uf_disable_surveys":false},"categories":[1],"tags":[],"aioseo_notices":[],"_links":{"self":[{"href":"https:\/\/elconspirador.com.mx\/index.php?rest_route=\/wp\/v2\/posts\/37478"}],"collection":[{"href":"https:\/\/elconspirador.com.mx\/index.php?rest_route=\/wp\/v2\/posts"}],"about":[{"href":"https:\/\/elconspirador.com.mx\/index.php?rest_route=\/wp\/v2\/types\/post"}],"author":[{"embeddable":true,"href":"https:\/\/elconspirador.com.mx\/index.php?rest_route=\/wp\/v2\/users\/1"}],"replies":[{"embeddable":true,"href":"https:\/\/elconspirador.com.mx\/index.php?rest_route=%2Fwp%2Fv2%2Fcomments&post=37478"}],"version-history":[{"count":1,"href":"https:\/\/elconspirador.com.mx\/index.php?rest_route=\/wp\/v2\/posts\/37478\/revisions"}],"predecessor-version":[{"id":37480,"href":"https:\/\/elconspirador.com.mx\/index.php?rest_route=\/wp\/v2\/posts\/37478\/revisions\/37480"}],"wp:featuredmedia":[{"embeddable":true,"href":"https:\/\/elconspirador.com.mx\/index.php?rest_route=\/wp\/v2\/media\/37479"}],"wp:attachment":[{"href":"https:\/\/elconspirador.com.mx\/index.php?rest_route=%2Fwp%2Fv2%2Fmedia&parent=37478"}],"wp:term":[{"taxonomy":"category","embeddable":true,"href":"https:\/\/elconspirador.com.mx\/index.php?rest_route=%2Fwp%2Fv2%2Fcategories&post=37478"},{"taxonomy":"post_tag","embeddable":true,"href":"https:\/\/elconspirador.com.mx\/index.php?rest_route=%2Fwp%2Fv2%2Ftags&post=37478"}],"curies":[{"name":"wp","href":"https:\/\/api.w.org\/{rel}","templated":true}]}}