{"id":37490,"date":"2023-11-23T18:42:53","date_gmt":"2023-11-24T00:42:53","guid":{"rendered":"https:\/\/elconspirador.com.mx\/?p=37490"},"modified":"2023-11-23T18:42:53","modified_gmt":"2023-11-24T00:42:53","slug":"corregidora-impulsa-modelo-de-proximidad-policial","status":"publish","type":"post","link":"https:\/\/elconspirador.com.mx\/?p=37490","title":{"rendered":"CORREGIDORA IMPULSA MODELO DE PROXIMIDAD POLICIAL"},"content":{"rendered":"<p>\u201cEn el municipio de Corregidora fuimos los primeros en aplicar con prontitud y eficacia los nuevos esquemas de seguridad y de justicia c\u00edvica de este modelo hecho a la queretana\u201d, destac\u00f3 Roberto Sosa Pichardo, presidente municipal de Corregidora, durante su participaci\u00f3n en el 1er Encuentro Metropolitano de Pr\u00e1cticas de Justicia C\u00edvica Queretana, presidido por el gobernador, Mauricio Kuri Gonz\u00e1lez.<\/p>\n<p>Destac\u00f3 que siguiendo la visi\u00f3n sist\u00e9mica y de coordinaci\u00f3n establecida por la administraci\u00f3n estatal, Corregidora implement\u00f3 el modelo de polic\u00eda de proximidad que protege y vigila, de manera cercana y directa, a la ciudadana, con la cual se mantiene un di\u00e1logo y se fortalece la confianza hacia las instituciones. Derivado de ello, dijo, se construyen lazos ciudadanos con enfoque humano y social, resolviendo conflictos sociales a trav\u00e9s de convenios establecidos mediante el Sistema de Justicia Administrativa.<\/p>\n<p>\u201cAlineados a este modelo, en Corregidora fortalecemos la convivencia y preservamos el Estado de Derecho. Lo hacemos atendiendo los lineamientos de nuestro gobernador, Mauricio Kuri, para mantener el dinamismo econ\u00f3mico y la calidad de vida que distinguen a Corregidora como un municipio en el que se vive bien\u201d destac\u00f3 el alcalde.<\/p>\n","protected":false},"excerpt":{"rendered":"<p>\u201cEn el municipio de Corregidora fuimos los primeros en aplicar con prontitud y eficacia los nuevos esquemas de seguridad y de justicia c\u00edvica de este modelo hecho a la queretana\u201d, destac\u00f3 Roberto Sosa Pichardo, presidente municipal de Corregidora, durante su participaci\u00f3n en el 1er Encuentro Metropolitano de Pr\u00e1cticas de Justicia C\u00edvica Queretana, presidido por el gobernador, Mauricio Kuri Gonz\u00e1lez. Destac\u00f3<\/p>\n<div class=\"h10\"><\/div>\n<p><a class=\"more-link2 flat\" href=\"https:\/\/elconspirador.com.mx\/?p=37490\">Leer m\u00e1s<\/a><\/p>\n","protected":false},"author":1,"featured_media":37491,"comment_status":"open","ping_status":"open","sticky":false,"template":"","format":"standard","meta":{"om_disable_all_campaigns":false,"_uf_show_specific_survey":0,"_uf_disable_surveys":false},"categories":[1],"tags":[],"aioseo_notices":[],"_links":{"self":[{"href":"https:\/\/elconspirador.com.mx\/index.php?rest_route=\/wp\/v2\/posts\/37490"}],"collection":[{"href":"https:\/\/elconspirador.com.mx\/index.php?rest_route=\/wp\/v2\/posts"}],"about":[{"href":"https:\/\/elconspirador.com.mx\/index.php?rest_route=\/wp\/v2\/types\/post"}],"author":[{"embeddable":true,"href":"https:\/\/elconspirador.com.mx\/index.php?rest_route=\/wp\/v2\/users\/1"}],"replies":[{"embeddable":true,"href":"https:\/\/elconspirador.com.mx\/index.php?rest_route=%2Fwp%2Fv2%2Fcomments&post=37490"}],"version-history":[{"count":1,"href":"https:\/\/elconspirador.com.mx\/index.php?rest_route=\/wp\/v2\/posts\/37490\/revisions"}],"predecessor-version":[{"id":37492,"href":"https:\/\/elconspirador.com.mx\/index.php?rest_route=\/wp\/v2\/posts\/37490\/revisions\/37492"}],"wp:featuredmedia":[{"embeddable":true,"href":"https:\/\/elconspirador.com.mx\/index.php?rest_route=\/wp\/v2\/media\/37491"}],"wp:attachment":[{"href":"https:\/\/elconspirador.com.mx\/index.php?rest_route=%2Fwp%2Fv2%2Fmedia&parent=37490"}],"wp:term":[{"taxonomy":"category","embeddable":true,"href":"https:\/\/elconspirador.com.mx\/index.php?rest_route=%2Fwp%2Fv2%2Fcategories&post=37490"},{"taxonomy":"post_tag","embeddable":true,"href":"https:\/\/elconspirador.com.mx\/index.php?rest_route=%2Fwp%2Fv2%2Ftags&post=37490"}],"curies":[{"name":"wp","href":"https:\/\/api.w.org\/{rel}","templated":true}]}}