{"id":37496,"date":"2023-11-23T19:18:13","date_gmt":"2023-11-24T01:18:13","guid":{"rendered":"https:\/\/elconspirador.com.mx\/?p=37496"},"modified":"2023-11-23T19:18:13","modified_gmt":"2023-11-24T01:18:13","slug":"realiza-la-capital-rodada-de-colores","status":"publish","type":"post","link":"https:\/\/elconspirador.com.mx\/?p=37496","title":{"rendered":"REALIZA LA CAPITAL \u201cRODADA DE COLORES\u201d"},"content":{"rendered":"<p>Como una iniciativa para procurar un espacio de convivencia y fomento al deporte para los servidores p\u00fablicos, el Municipio de Quer\u00e9taro, a trav\u00e9s de la Secretar\u00eda de Administraci\u00f3n, llev\u00f3 a cabo la Rodada de Colores 2023 que promueve el compa\u00f1erismo, la integraci\u00f3n y fortalece la identidad entre las y los colaboradores de las diferentes secretar\u00edas que componen al Municipio de Quer\u00e9taro.<\/p>\n<p>La Directora de Recursos Humanos, Bertha \u00c1vila Aguilar, dijo esta Rodada de Colores se suma a un torneo de boliche, una carrera de relevos, el torneo deportivo mixto en la Unidad Deportiva Jos\u00e9 Mar\u00eda Truchuelo y el concurso de Altar de Muertos, que promovi\u00f3 el Alcalde Luis Nava a lo lagro de este a\u00f1o en atenci\u00f3n a su compromiso con el bienestar y la integraci\u00f3n de las y los servidores p\u00fablicos, promoviendo un ambiente laboral saludable y fortaleciendo los lazos entre las y los colaboradores.<\/p>\n<p>El evento consisti\u00f3 en un recorrido de aproximadamente 6 kil\u00f3metros que inici\u00f3 en el Centro C\u00edvico de Quer\u00e9taro y pas\u00f3 por diversas v\u00edas de la zona sur de la ciudad para concluir nuevamente en el Centro C\u00edvico.<\/p>\n<p>Encabezada por la Secretaria de Administraci\u00f3n, Ana Mar\u00eda Osornio Arellano, la Rodada de Colores 2023 tambi\u00e9n cont\u00f3 con la participaci\u00f3n del Director del Instituto del Deporte y la Recreaci\u00f3n, Mauricio Gerardo Vergara Lobato; y el Director de Sistemas de Transporte Sostenible de la Secretar\u00eda de Movilidad, Joaqu\u00edn Torres Guti\u00e9rrez.<\/p>\n","protected":false},"excerpt":{"rendered":"<p>Como una iniciativa para procurar un espacio de convivencia y fomento al deporte para los servidores p\u00fablicos, el Municipio de Quer\u00e9taro, a trav\u00e9s de la Secretar\u00eda de Administraci\u00f3n, llev\u00f3 a cabo la Rodada de Colores 2023 que promueve el compa\u00f1erismo, la integraci\u00f3n y fortalece la identidad entre las y los colaboradores de las diferentes secretar\u00edas que componen al Municipio de<\/p>\n<div class=\"h10\"><\/div>\n<p><a class=\"more-link2 flat\" href=\"https:\/\/elconspirador.com.mx\/?p=37496\">Leer m\u00e1s<\/a><\/p>\n","protected":false},"author":1,"featured_media":37497,"comment_status":"open","ping_status":"open","sticky":false,"template":"","format":"standard","meta":{"om_disable_all_campaigns":false,"_uf_show_specific_survey":0,"_uf_disable_surveys":false},"categories":[1],"tags":[],"aioseo_notices":[],"_links":{"self":[{"href":"https:\/\/elconspirador.com.mx\/index.php?rest_route=\/wp\/v2\/posts\/37496"}],"collection":[{"href":"https:\/\/elconspirador.com.mx\/index.php?rest_route=\/wp\/v2\/posts"}],"about":[{"href":"https:\/\/elconspirador.com.mx\/index.php?rest_route=\/wp\/v2\/types\/post"}],"author":[{"embeddable":true,"href":"https:\/\/elconspirador.com.mx\/index.php?rest_route=\/wp\/v2\/users\/1"}],"replies":[{"embeddable":true,"href":"https:\/\/elconspirador.com.mx\/index.php?rest_route=%2Fwp%2Fv2%2Fcomments&post=37496"}],"version-history":[{"count":1,"href":"https:\/\/elconspirador.com.mx\/index.php?rest_route=\/wp\/v2\/posts\/37496\/revisions"}],"predecessor-version":[{"id":37498,"href":"https:\/\/elconspirador.com.mx\/index.php?rest_route=\/wp\/v2\/posts\/37496\/revisions\/37498"}],"wp:featuredmedia":[{"embeddable":true,"href":"https:\/\/elconspirador.com.mx\/index.php?rest_route=\/wp\/v2\/media\/37497"}],"wp:attachment":[{"href":"https:\/\/elconspirador.com.mx\/index.php?rest_route=%2Fwp%2Fv2%2Fmedia&parent=37496"}],"wp:term":[{"taxonomy":"category","embeddable":true,"href":"https:\/\/elconspirador.com.mx\/index.php?rest_route=%2Fwp%2Fv2%2Fcategories&post=37496"},{"taxonomy":"post_tag","embeddable":true,"href":"https:\/\/elconspirador.com.mx\/index.php?rest_route=%2Fwp%2Fv2%2Ftags&post=37496"}],"curies":[{"name":"wp","href":"https:\/\/api.w.org\/{rel}","templated":true}]}}