{"id":37517,"date":"2023-11-24T16:07:53","date_gmt":"2023-11-24T22:07:53","guid":{"rendered":"https:\/\/elconspirador.com.mx\/?p=37517"},"modified":"2023-11-24T16:07:53","modified_gmt":"2023-11-24T22:07:53","slug":"tras-golpiza-a-conductora-agresores-llegan-a-un-arreglo","status":"publish","type":"post","link":"https:\/\/elconspirador.com.mx\/?p=37517","title":{"rendered":"TRAS GOLPIZA A CONDUCTORA\u2026 AGRESORES LLEGAN A UN ARREGLO"},"content":{"rendered":"<p>Se logr\u00f3 un acuerdo reparatorio con la conductora de Qrob\u00fas que fue agredida el pasado 20 de noviembre, en la zona norte de la capital del estado, indic\u00f3 Alejandro Echeverr\u00eda Cornejo, fiscal general del estado.<\/p>\n<p>Echeverr\u00eda Cornejo coment\u00f3 que el agresor acept\u00f3 la responsabilidad y acept\u00f3 el acuerdo reparatorio, y refiri\u00f3 que la cantidad a la que se lleg\u00f3 no puede ser dada a conocer.<\/p>\n<p>\u201cElla acept\u00f3 una cantidad econ\u00f3mica como reparaci\u00f3n del da\u00f1o por las lesiones que sufri\u00f3, que fueron lesiones de la fracci\u00f3n primera, que no tardan en sanar en menos de 15 d\u00edas y en raz\u00f3n de eso ella acept\u00f3 un acuerdo. Hubo una persona detenida en raz\u00f3n de la agresi\u00f3n que sufri\u00f3 y ese fue el resultado pues de la carpeta\u201d, dijo.<\/p>\n<p>Sobre los casos de corrupci\u00f3n en el municipio de Quer\u00e9taro, apunt\u00f3 que hasta ahora hay una persona detenida, aunque hay m\u00e1s personas involucradas en las investigaciones que se llevan a cabo.<\/p>\n<p>\u201cLo que yo te puedo informar es exactamente lo mismo que se coment\u00f3 en el bolet\u00edn, la Fiscal\u00eda Anticorrupci\u00f3n est\u00e1 trabajando en ese tema, pero lo que s\u00ed te puedo asegurar es que lo m\u00e1s probable es que haya m\u00e1s implicados. Son dos casos, pero creo que es un tema que seguramente m\u00e1s adelante Fiscal Anticorrupci\u00f3n dar\u00e1 a conocer\u201d, mencion\u00f3.<\/p>\n","protected":false},"excerpt":{"rendered":"<p>Se logr\u00f3 un acuerdo reparatorio con la conductora de Qrob\u00fas que fue agredida el pasado 20 de noviembre, en la zona norte de la capital del estado, indic\u00f3 Alejandro Echeverr\u00eda Cornejo, fiscal general del estado. Echeverr\u00eda Cornejo coment\u00f3 que el agresor acept\u00f3 la responsabilidad y acept\u00f3 el acuerdo reparatorio, y refiri\u00f3 que la cantidad a la que se lleg\u00f3 no<\/p>\n<div class=\"h10\"><\/div>\n<p><a class=\"more-link2 flat\" href=\"https:\/\/elconspirador.com.mx\/?p=37517\">Leer m\u00e1s<\/a><\/p>\n","protected":false},"author":1,"featured_media":37518,"comment_status":"open","ping_status":"open","sticky":false,"template":"","format":"standard","meta":{"om_disable_all_campaigns":false,"_uf_show_specific_survey":0,"_uf_disable_surveys":false},"categories":[1],"tags":[],"aioseo_notices":[],"_links":{"self":[{"href":"https:\/\/elconspirador.com.mx\/index.php?rest_route=\/wp\/v2\/posts\/37517"}],"collection":[{"href":"https:\/\/elconspirador.com.mx\/index.php?rest_route=\/wp\/v2\/posts"}],"about":[{"href":"https:\/\/elconspirador.com.mx\/index.php?rest_route=\/wp\/v2\/types\/post"}],"author":[{"embeddable":true,"href":"https:\/\/elconspirador.com.mx\/index.php?rest_route=\/wp\/v2\/users\/1"}],"replies":[{"embeddable":true,"href":"https:\/\/elconspirador.com.mx\/index.php?rest_route=%2Fwp%2Fv2%2Fcomments&post=37517"}],"version-history":[{"count":2,"href":"https:\/\/elconspirador.com.mx\/index.php?rest_route=\/wp\/v2\/posts\/37517\/revisions"}],"predecessor-version":[{"id":37533,"href":"https:\/\/elconspirador.com.mx\/index.php?rest_route=\/wp\/v2\/posts\/37517\/revisions\/37533"}],"wp:featuredmedia":[{"embeddable":true,"href":"https:\/\/elconspirador.com.mx\/index.php?rest_route=\/wp\/v2\/media\/37518"}],"wp:attachment":[{"href":"https:\/\/elconspirador.com.mx\/index.php?rest_route=%2Fwp%2Fv2%2Fmedia&parent=37517"}],"wp:term":[{"taxonomy":"category","embeddable":true,"href":"https:\/\/elconspirador.com.mx\/index.php?rest_route=%2Fwp%2Fv2%2Fcategories&post=37517"},{"taxonomy":"post_tag","embeddable":true,"href":"https:\/\/elconspirador.com.mx\/index.php?rest_route=%2Fwp%2Fv2%2Ftags&post=37517"}],"curies":[{"name":"wp","href":"https:\/\/api.w.org\/{rel}","templated":true}]}}