{"id":37523,"date":"2023-11-24T13:53:58","date_gmt":"2023-11-24T19:53:58","guid":{"rendered":"https:\/\/elconspirador.com.mx\/?p=37523"},"modified":"2023-11-24T13:53:58","modified_gmt":"2023-11-24T19:53:58","slug":"habra-denuncia-doble-por-agresion-a-conductora-qrobus","status":"publish","type":"post","link":"https:\/\/elconspirador.com.mx\/?p=37523","title":{"rendered":"HABR\u00c1 DENUNCIA DOBLE POR AGRESI\u00d3N A CONDUCTORA QROB\u00daS"},"content":{"rendered":"<p>La conductora del transporte p\u00fablico agredida en d\u00edas pasados presentar\u00e1 otra denuncia contra dos personas, as\u00ed lo confirm\u00f3 el director de la Agencia de Movilidad, Gerardo Cuanalo Santos.<\/p>\n<p>Y es que ya recibi\u00f3 la indemnizaci\u00f3n econ\u00f3mica por la agresi\u00f3n, pero solo hab\u00eda presentado una denuncia formal.<\/p>\n<p>&#8220;Ya se han presentado las denuncias, el mismo d\u00eda se present\u00f3 la denuncia correspondiente contra uno de los agresores y el d\u00eda de hoy se est\u00e1 presentando otra denuncia contra otras personas, que tambi\u00e9n agredieron a la propia conductora&#8221;.<\/p>\n<p>Esto porque en el video circulado en redes sociales se observa que al menos tres personas participan en la agresi\u00f3n sucedida el 20 de noviembre.<\/p>\n<p>En ese sentido, garantiz\u00f3 el acompa\u00f1amiento a la v\u00edctima y con ello se comprometi\u00f3 a no permitir agresiones a los conductores del transporte.<\/p>\n<p>&#8220;Tendremos cero tolerancia en contra de cualquier tipo de violencia, no solamente que ponga en riesgo la seguridad de cualquier operador, sino tambi\u00e9n de cualquier usuario o cualquier tercero&#8221;.<\/p>\n","protected":false},"excerpt":{"rendered":"<p>La conductora del transporte p\u00fablico agredida en d\u00edas pasados presentar\u00e1 otra denuncia contra dos personas, as\u00ed lo confirm\u00f3 el director de la Agencia de Movilidad, Gerardo Cuanalo Santos. Y es que ya recibi\u00f3 la indemnizaci\u00f3n econ\u00f3mica por la agresi\u00f3n, pero solo hab\u00eda presentado una denuncia formal. &#8220;Ya se han presentado las denuncias, el mismo d\u00eda se present\u00f3 la denuncia correspondiente<\/p>\n<div class=\"h10\"><\/div>\n<p><a class=\"more-link2 flat\" href=\"https:\/\/elconspirador.com.mx\/?p=37523\">Leer m\u00e1s<\/a><\/p>\n","protected":false},"author":1,"featured_media":37524,"comment_status":"open","ping_status":"open","sticky":false,"template":"","format":"standard","meta":{"om_disable_all_campaigns":false,"_uf_show_specific_survey":0,"_uf_disable_surveys":false},"categories":[1],"tags":[],"aioseo_notices":[],"_links":{"self":[{"href":"https:\/\/elconspirador.com.mx\/index.php?rest_route=\/wp\/v2\/posts\/37523"}],"collection":[{"href":"https:\/\/elconspirador.com.mx\/index.php?rest_route=\/wp\/v2\/posts"}],"about":[{"href":"https:\/\/elconspirador.com.mx\/index.php?rest_route=\/wp\/v2\/types\/post"}],"author":[{"embeddable":true,"href":"https:\/\/elconspirador.com.mx\/index.php?rest_route=\/wp\/v2\/users\/1"}],"replies":[{"embeddable":true,"href":"https:\/\/elconspirador.com.mx\/index.php?rest_route=%2Fwp%2Fv2%2Fcomments&post=37523"}],"version-history":[{"count":2,"href":"https:\/\/elconspirador.com.mx\/index.php?rest_route=\/wp\/v2\/posts\/37523\/revisions"}],"predecessor-version":[{"id":37532,"href":"https:\/\/elconspirador.com.mx\/index.php?rest_route=\/wp\/v2\/posts\/37523\/revisions\/37532"}],"wp:featuredmedia":[{"embeddable":true,"href":"https:\/\/elconspirador.com.mx\/index.php?rest_route=\/wp\/v2\/media\/37524"}],"wp:attachment":[{"href":"https:\/\/elconspirador.com.mx\/index.php?rest_route=%2Fwp%2Fv2%2Fmedia&parent=37523"}],"wp:term":[{"taxonomy":"category","embeddable":true,"href":"https:\/\/elconspirador.com.mx\/index.php?rest_route=%2Fwp%2Fv2%2Fcategories&post=37523"},{"taxonomy":"post_tag","embeddable":true,"href":"https:\/\/elconspirador.com.mx\/index.php?rest_route=%2Fwp%2Fv2%2Ftags&post=37523"}],"curies":[{"name":"wp","href":"https:\/\/api.w.org\/{rel}","templated":true}]}}