{"id":37538,"date":"2023-11-24T14:40:01","date_gmt":"2023-11-24T20:40:01","guid":{"rendered":"https:\/\/elconspirador.com.mx\/?p=37538"},"modified":"2023-11-24T14:40:01","modified_gmt":"2023-11-24T20:40:01","slug":"ya-no-hay-fecha-para-concluir-obras-de-5-de-febrero","status":"publish","type":"post","link":"https:\/\/elconspirador.com.mx\/?p=37538","title":{"rendered":"YA NO HAY FECHA PARA CONCLUIR OBRAS DE 5 DE FEBRERO"},"content":{"rendered":"<p>La obra de avenida 5 de Febrero ya no ser\u00e1 concluida este a\u00f1o, as\u00ed lo dej\u00f3 entrever el gobernador del estado, Mauricio Kuri Gonz\u00e1lez.<\/p>\n<p>Cabe recordar que hace unas semanas se hab\u00eda comprometido a concluirla el 31 de diciembre, pero ha habido retrasos en los puentes vehiculares.<\/p>\n<p>&#8220;Yo sigo presionando, lo m\u00e1s importante es que ya va a estar en funcionamiento y por supuesto, har\u00e1 falta algunas cosas como banquetas, parte de la ciclopista&#8221;.<\/p>\n<p>Por ello previ\u00f3 que s\u00f3lo se podr\u00e1 concluir con los carriles centrales y laterales, pero no as\u00ed todo el sistema integral de movilidad, como banquetas y ciclov\u00edas.<\/p>\n<p>&#8220;No vamos a dejar que la empresa se vaya hasta que lo lo termine completamente y de forma correcta&#8221;.<\/p>\n<p>Y es que tampoco se ha podido poner en marcha los carriles confinados para el transporte p\u00fablico y para la siguiente semana se prev\u00e9 arrancar con los carriles centrales en ambos sentidos.<\/p>\n","protected":false},"excerpt":{"rendered":"<p>La obra de avenida 5 de Febrero ya no ser\u00e1 concluida este a\u00f1o, as\u00ed lo dej\u00f3 entrever el gobernador del estado, Mauricio Kuri Gonz\u00e1lez. Cabe recordar que hace unas semanas se hab\u00eda comprometido a concluirla el 31 de diciembre, pero ha habido retrasos en los puentes vehiculares. &#8220;Yo sigo presionando, lo m\u00e1s importante es que ya va a estar en<\/p>\n<div class=\"h10\"><\/div>\n<p><a class=\"more-link2 flat\" href=\"https:\/\/elconspirador.com.mx\/?p=37538\">Leer m\u00e1s<\/a><\/p>\n","protected":false},"author":1,"featured_media":37539,"comment_status":"open","ping_status":"open","sticky":false,"template":"","format":"standard","meta":{"om_disable_all_campaigns":false,"_uf_show_specific_survey":0,"_uf_disable_surveys":false},"categories":[1],"tags":[],"aioseo_notices":[],"_links":{"self":[{"href":"https:\/\/elconspirador.com.mx\/index.php?rest_route=\/wp\/v2\/posts\/37538"}],"collection":[{"href":"https:\/\/elconspirador.com.mx\/index.php?rest_route=\/wp\/v2\/posts"}],"about":[{"href":"https:\/\/elconspirador.com.mx\/index.php?rest_route=\/wp\/v2\/types\/post"}],"author":[{"embeddable":true,"href":"https:\/\/elconspirador.com.mx\/index.php?rest_route=\/wp\/v2\/users\/1"}],"replies":[{"embeddable":true,"href":"https:\/\/elconspirador.com.mx\/index.php?rest_route=%2Fwp%2Fv2%2Fcomments&post=37538"}],"version-history":[{"count":1,"href":"https:\/\/elconspirador.com.mx\/index.php?rest_route=\/wp\/v2\/posts\/37538\/revisions"}],"predecessor-version":[{"id":37540,"href":"https:\/\/elconspirador.com.mx\/index.php?rest_route=\/wp\/v2\/posts\/37538\/revisions\/37540"}],"wp:featuredmedia":[{"embeddable":true,"href":"https:\/\/elconspirador.com.mx\/index.php?rest_route=\/wp\/v2\/media\/37539"}],"wp:attachment":[{"href":"https:\/\/elconspirador.com.mx\/index.php?rest_route=%2Fwp%2Fv2%2Fmedia&parent=37538"}],"wp:term":[{"taxonomy":"category","embeddable":true,"href":"https:\/\/elconspirador.com.mx\/index.php?rest_route=%2Fwp%2Fv2%2Fcategories&post=37538"},{"taxonomy":"post_tag","embeddable":true,"href":"https:\/\/elconspirador.com.mx\/index.php?rest_route=%2Fwp%2Fv2%2Ftags&post=37538"}],"curies":[{"name":"wp","href":"https:\/\/api.w.org\/{rel}","templated":true}]}}