{"id":37541,"date":"2023-11-24T17:21:10","date_gmt":"2023-11-24T23:21:10","guid":{"rendered":"https:\/\/elconspirador.com.mx\/?p=37541"},"modified":"2023-11-24T17:21:10","modified_gmt":"2023-11-24T23:21:10","slug":"firma-la-capital-convenio-conectar","status":"publish","type":"post","link":"https:\/\/elconspirador.com.mx\/?p=37541","title":{"rendered":"FIRMA LA CAPITAL CONVENIO \u201cCONECTAR\u201d"},"content":{"rendered":"<p>&nbsp;<\/p>\n<p>El Presidente Municipal de Quer\u00e9taro, Luis Nava, particip\u00f3 junto al Gobernador del Estado, Mauricio Kuri Gonz\u00e1lez, en la firma del convenio \u201cConectar: que la red nos acerque para que nadie haga falta\u201d en el cual 150 organizaciones p\u00fablicas y privadas, a trav\u00e9s del soporte de la empresa mexicana de telecomunicaciones Telcel, sumar\u00e1n esfuerzos para hacer llegar las alertas AMBER y las c\u00e9dulas de protocolo ALBA a todas las personas que habitan el estado de Quer\u00e9taro a trav\u00e9s de mensajes de texto.<\/p>\n<p>Esta herramienta, que representa una acci\u00f3n interinstitucional sin precedentes permitir\u00e1 que instituciones gubernamentales, empresas privadas, universidades y medios de comunicaci\u00f3n se coordinen para agilizar la difusi\u00f3n de fichas de c\u00e9dulas para la localizaci\u00f3n de ni\u00f1as, ni\u00f1os y adolescentes, as\u00ed como de mujeres adultas para su oportuna localizaci\u00f3n.<\/p>\n<p>En este acto de firma de convenio resalt\u00f3 la presencia del Director General de Tel\u00e9fonos de M\u00e9xico, H\u00e9ctor Slim Seade; el Fiscal General del Estado, Alejandro Echeverr\u00eda Cornejo; el Director General de Tim Hortons, Pedro Agust\u00edn Chapa y la Presidenta del Poder Judicial del Estado, Mariela Ponce Villa; as\u00ed como integrantes del Gabinete Estatal, representantes del sector privado y de organizaciones civiles en el Estado.<\/p>\n","protected":false},"excerpt":{"rendered":"<p>&nbsp; El Presidente Municipal de Quer\u00e9taro, Luis Nava, particip\u00f3 junto al Gobernador del Estado, Mauricio Kuri Gonz\u00e1lez, en la firma del convenio \u201cConectar: que la red nos acerque para que nadie haga falta\u201d en el cual 150 organizaciones p\u00fablicas y privadas, a trav\u00e9s del soporte de la empresa mexicana de telecomunicaciones Telcel, sumar\u00e1n esfuerzos para hacer llegar las alertas AMBER<\/p>\n<div class=\"h10\"><\/div>\n<p><a class=\"more-link2 flat\" href=\"https:\/\/elconspirador.com.mx\/?p=37541\">Leer m\u00e1s<\/a><\/p>\n","protected":false},"author":1,"featured_media":37542,"comment_status":"open","ping_status":"open","sticky":false,"template":"","format":"standard","meta":{"om_disable_all_campaigns":false,"_uf_show_specific_survey":0,"_uf_disable_surveys":false},"categories":[1],"tags":[],"aioseo_notices":[],"_links":{"self":[{"href":"https:\/\/elconspirador.com.mx\/index.php?rest_route=\/wp\/v2\/posts\/37541"}],"collection":[{"href":"https:\/\/elconspirador.com.mx\/index.php?rest_route=\/wp\/v2\/posts"}],"about":[{"href":"https:\/\/elconspirador.com.mx\/index.php?rest_route=\/wp\/v2\/types\/post"}],"author":[{"embeddable":true,"href":"https:\/\/elconspirador.com.mx\/index.php?rest_route=\/wp\/v2\/users\/1"}],"replies":[{"embeddable":true,"href":"https:\/\/elconspirador.com.mx\/index.php?rest_route=%2Fwp%2Fv2%2Fcomments&post=37541"}],"version-history":[{"count":1,"href":"https:\/\/elconspirador.com.mx\/index.php?rest_route=\/wp\/v2\/posts\/37541\/revisions"}],"predecessor-version":[{"id":37543,"href":"https:\/\/elconspirador.com.mx\/index.php?rest_route=\/wp\/v2\/posts\/37541\/revisions\/37543"}],"wp:featuredmedia":[{"embeddable":true,"href":"https:\/\/elconspirador.com.mx\/index.php?rest_route=\/wp\/v2\/media\/37542"}],"wp:attachment":[{"href":"https:\/\/elconspirador.com.mx\/index.php?rest_route=%2Fwp%2Fv2%2Fmedia&parent=37541"}],"wp:term":[{"taxonomy":"category","embeddable":true,"href":"https:\/\/elconspirador.com.mx\/index.php?rest_route=%2Fwp%2Fv2%2Fcategories&post=37541"},{"taxonomy":"post_tag","embeddable":true,"href":"https:\/\/elconspirador.com.mx\/index.php?rest_route=%2Fwp%2Fv2%2Ftags&post=37541"}],"curies":[{"name":"wp","href":"https:\/\/api.w.org\/{rel}","templated":true}]}}