{"id":37550,"date":"2023-11-24T22:00:14","date_gmt":"2023-11-25T04:00:14","guid":{"rendered":"https:\/\/elconspirador.com.mx\/?p=37550"},"modified":"2023-11-24T22:00:14","modified_gmt":"2023-11-25T04:00:14","slug":"kuri-inaugura-feria-ganadera-de-queretaro","status":"publish","type":"post","link":"https:\/\/elconspirador.com.mx\/?p=37550","title":{"rendered":"KURI INAUGURA FERIA GANADERA DE QUER\u00c9TARO"},"content":{"rendered":"<p>El presidente de la Uni\u00f3n Ganadera Regional coloc\u00f3 el sombrero a Claudia I como reina de la Feria Internacional Ganadera Queretaro 2023.<\/p>\n<p>Con el botonazo de arranque para el encendido del show piromusical de la Feria de Quer\u00e9taro, el gobernador, Mauricio Kuri Gonz\u00e1lez, encabez\u00f3 la ceremonia inaugural de la Exposici\u00f3n Ganadera de Quer\u00e9taro que, en su edici\u00f3n 2023, cumple 100 a\u00f1os de ser un espacio de tradici\u00f3n y festividad para las familias queretanas.<\/p>\n<p>En el acto y en presencia de los espectadores que se dieron cita en el Ecocentro Expositor, el presidente de la Uni\u00f3n Ganadera Regional de Queretaro, Romualdo Moreno Guti\u00e9rrez, coloc\u00f3 el sombrero a Claudia I como reina de la Feria Internacional Ganadera, con lo que se invit\u00f3 a las y los ciudadanos a disfrutar de esta feria queretana hecha por los ganaderos queretanos.<\/p>\n<p>Posterior al acto que abre tres semanas de celebraci\u00f3n, el mandatario estatal recorri\u00f3 la nave expositora que cuenta con ganado de reconocimiento nacional e internacional, en compa\u00f1\u00eda del presidente municipal de El Marqu\u00e9s, Enrique Vega Carriles; el presidente de la Uni\u00f3n Ganadera Regional de Quer\u00e9taro, Romualdo Moreno Guti\u00e9rrez; el director general de la Feria, Carlos Manuel Alcocer Luque y dem\u00e1s autoridades estatales, municipales y del sector.<\/p>\n<p>Este recinto ferial cuenta con atracciones que se desarrollar\u00e1n en el Teatro del Pueblo, Palenque, Circo Fuentes Gasca, Show Medieval, patinaje sobre hielo, casa del terror, actividades ecuestres, Rodeo Texano y juegos mec\u00e1nicos. Adem\u00e1s de stands y pabellones comerciales, artesanales, industrial y ganaderos.<\/p>\n","protected":false},"excerpt":{"rendered":"<p>El presidente de la Uni\u00f3n Ganadera Regional coloc\u00f3 el sombrero a Claudia I como reina de la Feria Internacional Ganadera Queretaro 2023. Con el botonazo de arranque para el encendido del show piromusical de la Feria de Quer\u00e9taro, el gobernador, Mauricio Kuri Gonz\u00e1lez, encabez\u00f3 la ceremonia inaugural de la Exposici\u00f3n Ganadera de Quer\u00e9taro que, en su edici\u00f3n 2023, cumple 100<\/p>\n<div class=\"h10\"><\/div>\n<p><a class=\"more-link2 flat\" href=\"https:\/\/elconspirador.com.mx\/?p=37550\">Leer m\u00e1s<\/a><\/p>\n","protected":false},"author":1,"featured_media":37551,"comment_status":"open","ping_status":"open","sticky":false,"template":"","format":"standard","meta":{"om_disable_all_campaigns":false,"_uf_show_specific_survey":0,"_uf_disable_surveys":false},"categories":[1],"tags":[],"aioseo_notices":[],"_links":{"self":[{"href":"https:\/\/elconspirador.com.mx\/index.php?rest_route=\/wp\/v2\/posts\/37550"}],"collection":[{"href":"https:\/\/elconspirador.com.mx\/index.php?rest_route=\/wp\/v2\/posts"}],"about":[{"href":"https:\/\/elconspirador.com.mx\/index.php?rest_route=\/wp\/v2\/types\/post"}],"author":[{"embeddable":true,"href":"https:\/\/elconspirador.com.mx\/index.php?rest_route=\/wp\/v2\/users\/1"}],"replies":[{"embeddable":true,"href":"https:\/\/elconspirador.com.mx\/index.php?rest_route=%2Fwp%2Fv2%2Fcomments&post=37550"}],"version-history":[{"count":1,"href":"https:\/\/elconspirador.com.mx\/index.php?rest_route=\/wp\/v2\/posts\/37550\/revisions"}],"predecessor-version":[{"id":37552,"href":"https:\/\/elconspirador.com.mx\/index.php?rest_route=\/wp\/v2\/posts\/37550\/revisions\/37552"}],"wp:featuredmedia":[{"embeddable":true,"href":"https:\/\/elconspirador.com.mx\/index.php?rest_route=\/wp\/v2\/media\/37551"}],"wp:attachment":[{"href":"https:\/\/elconspirador.com.mx\/index.php?rest_route=%2Fwp%2Fv2%2Fmedia&parent=37550"}],"wp:term":[{"taxonomy":"category","embeddable":true,"href":"https:\/\/elconspirador.com.mx\/index.php?rest_route=%2Fwp%2Fv2%2Fcategories&post=37550"},{"taxonomy":"post_tag","embeddable":true,"href":"https:\/\/elconspirador.com.mx\/index.php?rest_route=%2Fwp%2Fv2%2Ftags&post=37550"}],"curies":[{"name":"wp","href":"https:\/\/api.w.org\/{rel}","templated":true}]}}