{"id":37583,"date":"2023-11-27T07:55:20","date_gmt":"2023-11-27T13:55:20","guid":{"rendered":"https:\/\/elconspirador.com.mx\/?p=37583"},"modified":"2023-11-27T07:55:20","modified_gmt":"2023-11-27T13:55:20","slug":"poes-gana-9-medallas-de-oro","status":"publish","type":"post","link":"https:\/\/elconspirador.com.mx\/?p=37583","title":{"rendered":"POES GANA 9 MEDALLAS DE ORO"},"content":{"rendered":"<p>En la d\u00e9cima edici\u00f3n de los Juegos Latinoamericanos Polic\u00edas y Bomberos 2023, la Polic\u00eda Estatal (POES) concluy\u00f3 con un resultado hist\u00f3rico para la corporaci\u00f3n queretana, al alcanzar 9 medallas de oro, 14 de plata y 15 de bronce.<\/p>\n<p>&nbsp;<\/p>\n<p>Fueron las polic\u00edas Ivonne Mata, Karla Quinto, Mariela Hern\u00e1ndez, Reyna Villeda y Sof\u00eda Dolores,\u00a0adem\u00e1s de los polic\u00edas Edgar Aguilar, Jair Gonz\u00e1lez, Javier Moreno, Iv\u00e1n Cruz y Mart\u00edn Mart\u00ednez, \u00a0quienes pusieron en alto el nombre de Quer\u00e9taro al participar en disciplinas\u00a0como judo, taekwondo, nataci\u00f3n, jiu-jitsu, ciclismo de ruta, tiro policial, powerlifting, crossfit-cop, lucha de brazo y duatl\u00f3n.<\/p>\n<p>&nbsp;<\/p>\n<p>Los resultados obtenidos por POES son reflejo de la disciplina, esfuerzo y dedicaci\u00f3n con la que defienden Quer\u00e9taro y que tambi\u00e9n emplean para destacar en el deporte, fortaleci\u00e9ndose f\u00edsica y mentalmente.<\/p>\n<p>&nbsp;<\/p>\n<p>La justa deportiva se realiz\u00f3 en la ciudad de Guadalajara durante siete d\u00edas y participaron m\u00e1s de mil 500 elementos pertenecientes a distintas corporaciones, provenientes de 19 pa\u00edses.<\/p>\n","protected":false},"excerpt":{"rendered":"<p>En la d\u00e9cima edici\u00f3n de los Juegos Latinoamericanos Polic\u00edas y Bomberos 2023, la Polic\u00eda Estatal (POES) concluy\u00f3 con un resultado hist\u00f3rico para la corporaci\u00f3n queretana, al alcanzar 9 medallas de oro, 14 de plata y 15 de bronce. &nbsp; Fueron las polic\u00edas Ivonne Mata, Karla Quinto, Mariela Hern\u00e1ndez, Reyna Villeda y Sof\u00eda Dolores,\u00a0adem\u00e1s de los polic\u00edas Edgar Aguilar, Jair Gonz\u00e1lez,<\/p>\n<div class=\"h10\"><\/div>\n<p><a class=\"more-link2 flat\" href=\"https:\/\/elconspirador.com.mx\/?p=37583\">Leer m\u00e1s<\/a><\/p>\n","protected":false},"author":1,"featured_media":37584,"comment_status":"open","ping_status":"open","sticky":false,"template":"","format":"standard","meta":{"om_disable_all_campaigns":false,"_uf_show_specific_survey":0,"_uf_disable_surveys":false},"categories":[1],"tags":[],"aioseo_notices":[],"_links":{"self":[{"href":"https:\/\/elconspirador.com.mx\/index.php?rest_route=\/wp\/v2\/posts\/37583"}],"collection":[{"href":"https:\/\/elconspirador.com.mx\/index.php?rest_route=\/wp\/v2\/posts"}],"about":[{"href":"https:\/\/elconspirador.com.mx\/index.php?rest_route=\/wp\/v2\/types\/post"}],"author":[{"embeddable":true,"href":"https:\/\/elconspirador.com.mx\/index.php?rest_route=\/wp\/v2\/users\/1"}],"replies":[{"embeddable":true,"href":"https:\/\/elconspirador.com.mx\/index.php?rest_route=%2Fwp%2Fv2%2Fcomments&post=37583"}],"version-history":[{"count":1,"href":"https:\/\/elconspirador.com.mx\/index.php?rest_route=\/wp\/v2\/posts\/37583\/revisions"}],"predecessor-version":[{"id":37585,"href":"https:\/\/elconspirador.com.mx\/index.php?rest_route=\/wp\/v2\/posts\/37583\/revisions\/37585"}],"wp:featuredmedia":[{"embeddable":true,"href":"https:\/\/elconspirador.com.mx\/index.php?rest_route=\/wp\/v2\/media\/37584"}],"wp:attachment":[{"href":"https:\/\/elconspirador.com.mx\/index.php?rest_route=%2Fwp%2Fv2%2Fmedia&parent=37583"}],"wp:term":[{"taxonomy":"category","embeddable":true,"href":"https:\/\/elconspirador.com.mx\/index.php?rest_route=%2Fwp%2Fv2%2Fcategories&post=37583"},{"taxonomy":"post_tag","embeddable":true,"href":"https:\/\/elconspirador.com.mx\/index.php?rest_route=%2Fwp%2Fv2%2Ftags&post=37583"}],"curies":[{"name":"wp","href":"https:\/\/api.w.org\/{rel}","templated":true}]}}