{"id":37595,"date":"2023-11-28T23:55:23","date_gmt":"2023-11-29T05:55:23","guid":{"rendered":"https:\/\/elconspirador.com.mx\/?p=37595"},"modified":"2023-11-28T20:02:37","modified_gmt":"2023-11-29T02:02:37","slug":"podria-cambiar-a-62-anos-la-edad-minima-para-recibir-pension-bienestar","status":"publish","type":"post","link":"https:\/\/elconspirador.com.mx\/?p=37595","title":{"rendered":"PODR\u00cdA CAMBIAR A 62 A\u00d1OS LA EDAD M\u00cdNIMA PARA RECIBIR PENSI\u00d3N BIENESTAR"},"content":{"rendered":"<p data-reader-unique-id=\"25\">los cambios en la edad m\u00ednima para que las y los adultos mayores accedan a la Pensi\u00f3n del Bienestar forma parte de una propuesta del Grupo Parlamentario de Morena en la C\u00e1mara de Diputados.\u00a0Y es que el legislador\u00a0Jorge \u00c1ngel Sibaja Mendozapresent\u00f3 una iniciativa que contempla que la edad m\u00ednima para que\u00a0las personas mayores\u00a0ind\u00edgenas yafromexicanas\u00a0accedan a la ayuda sea de62 a\u00f1os.<\/p>\n<p data-reader-unique-id=\"35\">No obstante, es importante tomar en cuenta que para que esta propuesta se haga realidad primero debe ser discustida y aprobada tanto por la C\u00e1mara de Diputados como por la de Senadores. De lo contrario, no podr\u00e1 continuar con su proceso para hacerla oficial y fijarse una fecha espec\u00edfica para su aplicaci\u00f3n.<\/p>\n<p data-reader-unique-id=\"38\">Y ojo cabe mencionar que si esta iniciativa llega aprobarse, la edad m\u00ednima de 62 a\u00f1os ser\u00e1 \u00fanicamente para las personas de la tercera edad que sean de origen ind\u00edgena o afromexicano. Pero por ahora, s\u00f3lo nos queda esperar a ver c\u00f3mo avanza la propuesta.<\/p>\n<h2 data-reader-unique-id=\"42\">\u00bfQu\u00e9 cambios habr\u00e1 en la pensi\u00f3n de adultos mayores para 2024?<\/h2>\n<p data-reader-unique-id=\"46\">Y aunque todav\u00eda es una incertidumbre si bajar\u00e1 la edad m\u00ednima\u00a0para que las y los adultos mayores puedan acceder a la Pensi\u00f3n del Bienestar, no podemos olvidarnos de las buenas noticias que vendr\u00e1n para el 2024. Una de las m\u00e1s importantes es que a partir del pr\u00f3ximo a\u00f1o el monto que las y los beneficiarios de este programa reciben pasar\u00e1 de 4 mil 800 a 6 mil pesos bimestrales.<\/p>\n","protected":false},"excerpt":{"rendered":"<p>los cambios en la edad m\u00ednima para que las y los adultos mayores accedan a la Pensi\u00f3n del Bienestar forma parte de una propuesta del Grupo Parlamentario de Morena en la C\u00e1mara de Diputados.\u00a0Y es que el legislador\u00a0Jorge \u00c1ngel Sibaja Mendozapresent\u00f3 una iniciativa que contempla que la edad m\u00ednima para que\u00a0las personas mayores\u00a0ind\u00edgenas yafromexicanas\u00a0accedan a la ayuda sea de62 a\u00f1os.<\/p>\n<div class=\"h10\"><\/div>\n<p><a class=\"more-link2 flat\" href=\"https:\/\/elconspirador.com.mx\/?p=37595\">Leer m\u00e1s<\/a><\/p>\n","protected":false},"author":1,"featured_media":37596,"comment_status":"open","ping_status":"open","sticky":false,"template":"","format":"standard","meta":{"om_disable_all_campaigns":false,"_uf_show_specific_survey":0,"_uf_disable_surveys":false},"categories":[1],"tags":[],"aioseo_notices":[],"_links":{"self":[{"href":"https:\/\/elconspirador.com.mx\/index.php?rest_route=\/wp\/v2\/posts\/37595"}],"collection":[{"href":"https:\/\/elconspirador.com.mx\/index.php?rest_route=\/wp\/v2\/posts"}],"about":[{"href":"https:\/\/elconspirador.com.mx\/index.php?rest_route=\/wp\/v2\/types\/post"}],"author":[{"embeddable":true,"href":"https:\/\/elconspirador.com.mx\/index.php?rest_route=\/wp\/v2\/users\/1"}],"replies":[{"embeddable":true,"href":"https:\/\/elconspirador.com.mx\/index.php?rest_route=%2Fwp%2Fv2%2Fcomments&post=37595"}],"version-history":[{"count":1,"href":"https:\/\/elconspirador.com.mx\/index.php?rest_route=\/wp\/v2\/posts\/37595\/revisions"}],"predecessor-version":[{"id":37597,"href":"https:\/\/elconspirador.com.mx\/index.php?rest_route=\/wp\/v2\/posts\/37595\/revisions\/37597"}],"wp:featuredmedia":[{"embeddable":true,"href":"https:\/\/elconspirador.com.mx\/index.php?rest_route=\/wp\/v2\/media\/37596"}],"wp:attachment":[{"href":"https:\/\/elconspirador.com.mx\/index.php?rest_route=%2Fwp%2Fv2%2Fmedia&parent=37595"}],"wp:term":[{"taxonomy":"category","embeddable":true,"href":"https:\/\/elconspirador.com.mx\/index.php?rest_route=%2Fwp%2Fv2%2Fcategories&post=37595"},{"taxonomy":"post_tag","embeddable":true,"href":"https:\/\/elconspirador.com.mx\/index.php?rest_route=%2Fwp%2Fv2%2Ftags&post=37595"}],"curies":[{"name":"wp","href":"https:\/\/api.w.org\/{rel}","templated":true}]}}