{"id":37601,"date":"2023-11-27T08:34:01","date_gmt":"2023-11-27T14:34:01","guid":{"rendered":"https:\/\/elconspirador.com.mx\/?p=37601"},"modified":"2023-11-27T08:34:01","modified_gmt":"2023-11-27T14:34:01","slug":"pierde-la-vida-en-fatal-accidente","status":"publish","type":"post","link":"https:\/\/elconspirador.com.mx\/?p=37601","title":{"rendered":"PIERDE LA VIDA EN FATAL ACCIDENTE"},"content":{"rendered":"<p>La noche de ayer se registr\u00f3 un fatal accidente en el Boulevard Bernardo Quintana a la altura de la colonia Las Am\u00e9ricas, que dej\u00f3 como saldo a una persona muerta.<\/p>\n<p>Seg\u00fan testigos, el conductor de un auto Jetta tipo A3, circulaba a exceso de velocidad en direcci\u00f3n a 5 de Febrero, cuando a la altura de Las Am\u00e9ricas impact\u00f3 a otro veh\u00edculo por alcance y al perder el control, se estrell\u00f3 contra el muro de contenci\u00f3n.<\/p>\n<p>Tras el reporte a la l\u00ednea de emergencias 911, al lugar se trasladaron param\u00e9dicos del Centro Regulador de Urgencias y Protecci\u00f3n Civil, quienes a su arribo atendieron a los tripulantes de los veh\u00edculos y confirmaron la muerte del copiloto, mientras que el conductor result\u00f3 ileso y un mujer que viajaba atr\u00e1s result\u00f3 con fractura.<\/p>\n<p>Elementos de la polic\u00eda estatal acudieron como primeros respondientes, quienes detuvieron al conductor del auto que provoc\u00f3 el tr\u00e1gico accidente y abanderaron la zona del percance.<\/p>\n<p>Al.lugar se traslad\u00f3 personal de Direcci\u00f3n de Servicios Periciales, quienes realizaron el peritaje correspondiente y levantamiento del cuerpo, para trasladarlo a las instalaciones del Servicio M\u00e9dico Forense, d\u00f3nde se le aplicar\u00e1 la necropsia de rigor.<\/p>\n","protected":false},"excerpt":{"rendered":"<p>La noche de ayer se registr\u00f3 un fatal accidente en el Boulevard Bernardo Quintana a la altura de la colonia Las Am\u00e9ricas, que dej\u00f3 como saldo a una persona muerta. Seg\u00fan testigos, el conductor de un auto Jetta tipo A3, circulaba a exceso de velocidad en direcci\u00f3n a 5 de Febrero, cuando a la altura de Las Am\u00e9ricas impact\u00f3 a<\/p>\n<div class=\"h10\"><\/div>\n<p><a class=\"more-link2 flat\" href=\"https:\/\/elconspirador.com.mx\/?p=37601\">Leer m\u00e1s<\/a><\/p>\n","protected":false},"author":1,"featured_media":37602,"comment_status":"open","ping_status":"open","sticky":false,"template":"","format":"standard","meta":{"om_disable_all_campaigns":false,"_uf_show_specific_survey":0,"_uf_disable_surveys":false},"categories":[1],"tags":[],"aioseo_notices":[],"_links":{"self":[{"href":"https:\/\/elconspirador.com.mx\/index.php?rest_route=\/wp\/v2\/posts\/37601"}],"collection":[{"href":"https:\/\/elconspirador.com.mx\/index.php?rest_route=\/wp\/v2\/posts"}],"about":[{"href":"https:\/\/elconspirador.com.mx\/index.php?rest_route=\/wp\/v2\/types\/post"}],"author":[{"embeddable":true,"href":"https:\/\/elconspirador.com.mx\/index.php?rest_route=\/wp\/v2\/users\/1"}],"replies":[{"embeddable":true,"href":"https:\/\/elconspirador.com.mx\/index.php?rest_route=%2Fwp%2Fv2%2Fcomments&post=37601"}],"version-history":[{"count":1,"href":"https:\/\/elconspirador.com.mx\/index.php?rest_route=\/wp\/v2\/posts\/37601\/revisions"}],"predecessor-version":[{"id":37603,"href":"https:\/\/elconspirador.com.mx\/index.php?rest_route=\/wp\/v2\/posts\/37601\/revisions\/37603"}],"wp:featuredmedia":[{"embeddable":true,"href":"https:\/\/elconspirador.com.mx\/index.php?rest_route=\/wp\/v2\/media\/37602"}],"wp:attachment":[{"href":"https:\/\/elconspirador.com.mx\/index.php?rest_route=%2Fwp%2Fv2%2Fmedia&parent=37601"}],"wp:term":[{"taxonomy":"category","embeddable":true,"href":"https:\/\/elconspirador.com.mx\/index.php?rest_route=%2Fwp%2Fv2%2Fcategories&post=37601"},{"taxonomy":"post_tag","embeddable":true,"href":"https:\/\/elconspirador.com.mx\/index.php?rest_route=%2Fwp%2Fv2%2Ftags&post=37601"}],"curies":[{"name":"wp","href":"https:\/\/api.w.org\/{rel}","templated":true}]}}