{"id":37608,"date":"2023-11-27T11:47:40","date_gmt":"2023-11-27T17:47:40","guid":{"rendered":"https:\/\/elconspirador.com.mx\/?p=37608"},"modified":"2023-11-27T11:47:40","modified_gmt":"2023-11-27T17:47:40","slug":"uaq-pide-a-kuri-presentar-iniciativa-de-reforma-a-ley-universitaria","status":"publish","type":"post","link":"https:\/\/elconspirador.com.mx\/?p=37608","title":{"rendered":"UAQ PIDE A KURI PRESENTAR INICIATIVA DE REFORMA A LEY UNIVERSITARIA"},"content":{"rendered":"<p>Teresa Garc\u00eda Gasca, rectora de la Universidad Aut\u00f3noma de Quer\u00e9taro (UAQ), exhort\u00f3 al gobernador Mauricio Kuri Gonz\u00e1lez a cumplir con el compromiso que realiz\u00f3 con la actual administraci\u00f3n de la UAQ de presentar este a\u00f1o la iniciativa de reforma de la Ley org\u00e1nica de la instituci\u00f3n.<\/p>\n<p>Garc\u00eda Gasca record\u00f3 que de junio de 2021 a agosto de 2022 se trabaj\u00f3 en la actualizaci\u00f3n de dicha normatividad, la cual fue avalada y consultada por la comunidad universitaria, para posteriormente gestionar con gobierno del estado para que se ingresara a la Legislatura local.<\/p>\n<p>Subray\u00f3 que la \u00faltima comunicaci\u00f3n con Mauricio Kuri se dio antes del informe del gobernador, en la que le solicit\u00f3 presentar la iniciativa, lo cual no ha ocurrido.<\/p>\n<p>&#8220;Yo he estado insisti\u00e9ndole al gobernador a trav\u00e9s de algunas comunicaciones que he tenido con \u00e9l, no he tenido respuesta, la rectora electa Silvia tambi\u00e9n ya lo ha tratado con \u00e9l, entonces esperamos en ese sentido que se pueda cumplir con este acuerdo con la universidad\u201d, se\u00f1al\u00f3.<\/p>\n<p>Indic\u00f3 que la ley org\u00e1nica actual data del 85 y no responde a las necesidades de la universidad, adem\u00e1s de que carece de temas de derechos humanos, g\u00e9nero, violencia, igualdad y cultura de paz, entre otros. Extern\u00f3 que, adem\u00e1s, se est\u00e1 trabajando en las modificaciones al estatuto org\u00e1nico, reglamento de estudiantes, c\u00f3digo de \u00e9tica e integridad acad\u00e9mica; sin embargo, para ello se requiere la ley org\u00e1nica.<\/p>\n<p>&#8220;El otro pendiente important\u00edsimo es la actualizaci\u00f3n de la normativa. Nosotros iniciamos con este proyecto de la normativa universitaria en el 2018, a revisar, pero no es hasta junio de 2021, con la incorporaci\u00f3n del maestro Ricardo Ugalde, la actualizaci\u00f3n de toda nuestra normativa&#8221;, explic\u00f3.<\/p>\n<p>A\u00f1adi\u00f3 que, tras varias reuniones, se realizaron ajustes, principalmente al art\u00edculo 3\u00ba, el cual se convirti\u00f3 en dos sobre el no pago de impuestos inmobiliarios y el otro sobre la retribuci\u00f3n del agua en tarifa especial.<\/p>\n<p>\u201cPor eso es importante hacer este cambio, entonces con la CEA hemos acordado una tarifa especial para las universidades que tienen m\u00e1s de 10 mil estudiantes, en este caso nosotros, que es una tarifa distinta a las universidades de menor tama\u00f1o&#8221;, a\u00f1adi\u00f3.<\/p>\n","protected":false},"excerpt":{"rendered":"<p>Teresa Garc\u00eda Gasca, rectora de la Universidad Aut\u00f3noma de Quer\u00e9taro (UAQ), exhort\u00f3 al gobernador Mauricio Kuri Gonz\u00e1lez a cumplir con el compromiso que realiz\u00f3 con la actual administraci\u00f3n de la UAQ de presentar este a\u00f1o la iniciativa de reforma de la Ley org\u00e1nica de la instituci\u00f3n. Garc\u00eda Gasca record\u00f3 que de junio de 2021 a agosto de 2022 se trabaj\u00f3<\/p>\n<div class=\"h10\"><\/div>\n<p><a class=\"more-link2 flat\" href=\"https:\/\/elconspirador.com.mx\/?p=37608\">Leer m\u00e1s<\/a><\/p>\n","protected":false},"author":1,"featured_media":37609,"comment_status":"open","ping_status":"open","sticky":false,"template":"","format":"standard","meta":{"om_disable_all_campaigns":false,"_uf_show_specific_survey":0,"_uf_disable_surveys":false},"categories":[1],"tags":[],"aioseo_notices":[],"_links":{"self":[{"href":"https:\/\/elconspirador.com.mx\/index.php?rest_route=\/wp\/v2\/posts\/37608"}],"collection":[{"href":"https:\/\/elconspirador.com.mx\/index.php?rest_route=\/wp\/v2\/posts"}],"about":[{"href":"https:\/\/elconspirador.com.mx\/index.php?rest_route=\/wp\/v2\/types\/post"}],"author":[{"embeddable":true,"href":"https:\/\/elconspirador.com.mx\/index.php?rest_route=\/wp\/v2\/users\/1"}],"replies":[{"embeddable":true,"href":"https:\/\/elconspirador.com.mx\/index.php?rest_route=%2Fwp%2Fv2%2Fcomments&post=37608"}],"version-history":[{"count":1,"href":"https:\/\/elconspirador.com.mx\/index.php?rest_route=\/wp\/v2\/posts\/37608\/revisions"}],"predecessor-version":[{"id":37610,"href":"https:\/\/elconspirador.com.mx\/index.php?rest_route=\/wp\/v2\/posts\/37608\/revisions\/37610"}],"wp:featuredmedia":[{"embeddable":true,"href":"https:\/\/elconspirador.com.mx\/index.php?rest_route=\/wp\/v2\/media\/37609"}],"wp:attachment":[{"href":"https:\/\/elconspirador.com.mx\/index.php?rest_route=%2Fwp%2Fv2%2Fmedia&parent=37608"}],"wp:term":[{"taxonomy":"category","embeddable":true,"href":"https:\/\/elconspirador.com.mx\/index.php?rest_route=%2Fwp%2Fv2%2Fcategories&post=37608"},{"taxonomy":"post_tag","embeddable":true,"href":"https:\/\/elconspirador.com.mx\/index.php?rest_route=%2Fwp%2Fv2%2Ftags&post=37608"}],"curies":[{"name":"wp","href":"https:\/\/api.w.org\/{rel}","templated":true}]}}