{"id":37627,"date":"2023-11-27T18:53:20","date_gmt":"2023-11-28T00:53:20","guid":{"rendered":"https:\/\/elconspirador.com.mx\/?p=37627"},"modified":"2023-11-27T18:53:20","modified_gmt":"2023-11-28T00:53:20","slug":"morena-niega-que-astudillo-sea-el-candidato-al-senado","status":"publish","type":"post","link":"https:\/\/elconspirador.com.mx\/?p=37627","title":{"rendered":"MORENA NIEGA QUE ASTUDILLO SEA EL CANDIDATO AL SENADO"},"content":{"rendered":"<p>No hay nada escrito para Ricardo Astudillo de cara a la contienda por el Senado de la Rep\u00fablica, advirti\u00f3 Movimiento Regeneraci\u00f3n Nacional (Morena).<\/p>\n<p>Lo anterior, luego de que se informara que la f\u00f3rmula al senado por los partidos Morena, PT y PVEM la encabezar\u00eda el presidente del Verde y diputado local Ricardo Astudillo.<\/p>\n<p>La presidenta del partido, Rufina Ben\u00edtez, advirti\u00f3 que la definici\u00f3n de las candidaturas ser\u00e1 a trav\u00e9s de encuestas, casa por casa, como se estableci\u00f3 en la convocatoria.<\/p>\n","protected":false},"excerpt":{"rendered":"<p>No hay nada escrito para Ricardo Astudillo de cara a la contienda por el Senado de la Rep\u00fablica, advirti\u00f3 Movimiento Regeneraci\u00f3n Nacional (Morena). Lo anterior, luego de que se informara que la f\u00f3rmula al senado por los partidos Morena, PT y PVEM la encabezar\u00eda el presidente del Verde y diputado local Ricardo Astudillo. La presidenta del partido, Rufina Ben\u00edtez, advirti\u00f3<\/p>\n<div class=\"h10\"><\/div>\n<p><a class=\"more-link2 flat\" href=\"https:\/\/elconspirador.com.mx\/?p=37627\">Leer m\u00e1s<\/a><\/p>\n","protected":false},"author":1,"featured_media":37629,"comment_status":"open","ping_status":"open","sticky":false,"template":"","format":"standard","meta":{"om_disable_all_campaigns":false,"_uf_show_specific_survey":0,"_uf_disable_surveys":false},"categories":[1],"tags":[],"aioseo_notices":[],"_links":{"self":[{"href":"https:\/\/elconspirador.com.mx\/index.php?rest_route=\/wp\/v2\/posts\/37627"}],"collection":[{"href":"https:\/\/elconspirador.com.mx\/index.php?rest_route=\/wp\/v2\/posts"}],"about":[{"href":"https:\/\/elconspirador.com.mx\/index.php?rest_route=\/wp\/v2\/types\/post"}],"author":[{"embeddable":true,"href":"https:\/\/elconspirador.com.mx\/index.php?rest_route=\/wp\/v2\/users\/1"}],"replies":[{"embeddable":true,"href":"https:\/\/elconspirador.com.mx\/index.php?rest_route=%2Fwp%2Fv2%2Fcomments&post=37627"}],"version-history":[{"count":2,"href":"https:\/\/elconspirador.com.mx\/index.php?rest_route=\/wp\/v2\/posts\/37627\/revisions"}],"predecessor-version":[{"id":37630,"href":"https:\/\/elconspirador.com.mx\/index.php?rest_route=\/wp\/v2\/posts\/37627\/revisions\/37630"}],"wp:featuredmedia":[{"embeddable":true,"href":"https:\/\/elconspirador.com.mx\/index.php?rest_route=\/wp\/v2\/media\/37629"}],"wp:attachment":[{"href":"https:\/\/elconspirador.com.mx\/index.php?rest_route=%2Fwp%2Fv2%2Fmedia&parent=37627"}],"wp:term":[{"taxonomy":"category","embeddable":true,"href":"https:\/\/elconspirador.com.mx\/index.php?rest_route=%2Fwp%2Fv2%2Fcategories&post=37627"},{"taxonomy":"post_tag","embeddable":true,"href":"https:\/\/elconspirador.com.mx\/index.php?rest_route=%2Fwp%2Fv2%2Ftags&post=37627"}],"curies":[{"name":"wp","href":"https:\/\/api.w.org\/{rel}","templated":true}]}}