{"id":37634,"date":"2023-11-27T14:39:37","date_gmt":"2023-11-27T20:39:37","guid":{"rendered":"https:\/\/elconspirador.com.mx\/?p=37634"},"modified":"2023-11-27T14:39:37","modified_gmt":"2023-11-27T20:39:37","slug":"alistan-operativo-para-central-de-abasto","status":"publish","type":"post","link":"https:\/\/elconspirador.com.mx\/?p=37634","title":{"rendered":"ALISTAN OPERATIVO PARA CENTRAL DE ABASTO"},"content":{"rendered":"<p>A partir de esta semana se realizar\u00e1 un operativo al interior de la Central de Abastos para que se garantice que los comerciantes ocupen solamente el \u00e1rea de venta autorizada, inform\u00f3 Juan Carlos Arregu\u00edn Baltazar, subsecretario de gobierno del municipio de Quer\u00e9taro.<\/p>\n<p>El funcionario detall\u00f3 que en la central de abastos hay poco m\u00e1s de 400 comercios, de los cuales al menos la mitad ocupa el estacionamiento para la venta de sus productos.<\/p>\n<p>\u201cTenemos una nueva problem\u00e1tica, los del interior de la central de abastos ocupan el \u00e1rea de estacionamiento para ampliar su \u00e1rea de venta y evidentemente no hay estacionamiento y todo mundo comienza a ocupar las zonas de las colonias aleda\u00f1as\u201d, dijo.<\/p>\n<p>Indic\u00f3 que la instrucci\u00f3n del alcalde es primero dialogar con la mesa directiva, la cual ha respaldado la acci\u00f3n del municipio de realizar dicho operativo, por lo que comenzar\u00e1n con recorridos para inhibir la pr\u00e1ctica y, de lo contrario, aplicar sanciones.<\/p>\n<p>Record\u00f3 que, tras varios operativos realizados al exterior de la Central de Abastos, se cuenta con un turno de inspecci\u00f3n en horario de 3:00 a 10:00 horas para desincentivar la colocaci\u00f3n de comercio ambulante, pues anteriormente se colocaban de 120 a 200 comerciantes que ocupaban las vialidades para vender al menudeo.<\/p>\n<p>\u201cCon este operativo, insisto, lo \u00fanico que consta es llegar antes que ellos y buscar que no se coloquen, no hay enfrentamiento, no hay conflicto, y eso empezamos a hacer desde las 3 de la ma\u00f1ana\u201d, a\u00f1adi\u00f3.<\/p>\n","protected":false},"excerpt":{"rendered":"<p>A partir de esta semana se realizar\u00e1 un operativo al interior de la Central de Abastos para que se garantice que los comerciantes ocupen solamente el \u00e1rea de venta autorizada, inform\u00f3 Juan Carlos Arregu\u00edn Baltazar, subsecretario de gobierno del municipio de Quer\u00e9taro. El funcionario detall\u00f3 que en la central de abastos hay poco m\u00e1s de 400 comercios, de los cuales<\/p>\n<div class=\"h10\"><\/div>\n<p><a class=\"more-link2 flat\" href=\"https:\/\/elconspirador.com.mx\/?p=37634\">Leer m\u00e1s<\/a><\/p>\n","protected":false},"author":1,"featured_media":37635,"comment_status":"open","ping_status":"open","sticky":false,"template":"","format":"standard","meta":{"om_disable_all_campaigns":false,"_uf_show_specific_survey":0,"_uf_disable_surveys":false},"categories":[1],"tags":[],"aioseo_notices":[],"_links":{"self":[{"href":"https:\/\/elconspirador.com.mx\/index.php?rest_route=\/wp\/v2\/posts\/37634"}],"collection":[{"href":"https:\/\/elconspirador.com.mx\/index.php?rest_route=\/wp\/v2\/posts"}],"about":[{"href":"https:\/\/elconspirador.com.mx\/index.php?rest_route=\/wp\/v2\/types\/post"}],"author":[{"embeddable":true,"href":"https:\/\/elconspirador.com.mx\/index.php?rest_route=\/wp\/v2\/users\/1"}],"replies":[{"embeddable":true,"href":"https:\/\/elconspirador.com.mx\/index.php?rest_route=%2Fwp%2Fv2%2Fcomments&post=37634"}],"version-history":[{"count":1,"href":"https:\/\/elconspirador.com.mx\/index.php?rest_route=\/wp\/v2\/posts\/37634\/revisions"}],"predecessor-version":[{"id":37636,"href":"https:\/\/elconspirador.com.mx\/index.php?rest_route=\/wp\/v2\/posts\/37634\/revisions\/37636"}],"wp:featuredmedia":[{"embeddable":true,"href":"https:\/\/elconspirador.com.mx\/index.php?rest_route=\/wp\/v2\/media\/37635"}],"wp:attachment":[{"href":"https:\/\/elconspirador.com.mx\/index.php?rest_route=%2Fwp%2Fv2%2Fmedia&parent=37634"}],"wp:term":[{"taxonomy":"category","embeddable":true,"href":"https:\/\/elconspirador.com.mx\/index.php?rest_route=%2Fwp%2Fv2%2Fcategories&post=37634"},{"taxonomy":"post_tag","embeddable":true,"href":"https:\/\/elconspirador.com.mx\/index.php?rest_route=%2Fwp%2Fv2%2Ftags&post=37634"}],"curies":[{"name":"wp","href":"https:\/\/api.w.org\/{rel}","templated":true}]}}