{"id":37640,"date":"2023-11-27T17:40:43","date_gmt":"2023-11-27T23:40:43","guid":{"rendered":"https:\/\/elconspirador.com.mx\/?p=37640"},"modified":"2023-11-27T17:40:43","modified_gmt":"2023-11-27T23:40:43","slug":"reconoce-policia-capitalina-a-caninos","status":"publish","type":"post","link":"https:\/\/elconspirador.com.mx\/?p=37640","title":{"rendered":"RECONOCE POLIC\u00cdA CAPITALINA A CANINOS"},"content":{"rendered":"<p>&nbsp;<\/p>\n<p>Esta ma\u00f1ana en las instalaciones del CeCyTEQ Plantel 9, ubicado en la comunidad de Montenegro, se llev\u00f3 a cabo la ceremonia de jubilaci\u00f3n de cinco elementos caninos pertenecientes a la unidad t\u00e1ctica K-9 de la Secretar\u00eda de Seguridad P\u00fablica Municipal de Quer\u00e9taro (SSPMQ), acto encabezado por el secretario Juan Luis Ferrusca, en representaci\u00f3n del alcalde Luis Bernardo Nava.<\/p>\n<p>Tras a\u00f1os de servicio, Munrra, Troll, Infierno, Lucas y Rafa concluyeron su trayectoria laboral a lado de sus polic\u00edas manejadores en las filas del K-9, donde dieron muestra de su capacidad y entrega.<\/p>\n<p>Algunas de las intervenciones en las que participaron este a\u00f1o los caninos en retiro fueron 108 puestas a disposici\u00f3n ante la Fiscal\u00eda General del Estado y 437 remisiones a Juzgado C\u00edvico, as\u00ed como 43 demostraciones caninas en instituciones p\u00fablicas y privadas, con el objetivo de fortalecer la cultura de la legalidad entre la ni\u00f1ez y las juventudes.<\/p>\n<p>Durante su intervenci\u00f3n, el titular de la SSPMQ aprovech\u00f3 para agradecer a los elementos caninos por su servicio ejemplar y les dese\u00f3 una jubilaci\u00f3n \u201cllena de comodidad, amor y cuidados. Sabemos que cada uno de ustedes deja un hueco irreemplazable en nuestras unidades, pero llevaremos sus recuerdos y ense\u00f1anzas con nosotros mientras continuamos con nuestra misi\u00f3n\u201d.<\/p>\n<p>Por su parte, el polic\u00eda Santiago Morales, en representaci\u00f3n de sus compa\u00f1eros del grupo t\u00e1ctico K-9, agradeci\u00f3 a los caninos por estar junto a ellos en su labor diaria de velar por la ciudadan\u00eda. \u201cTenemos la certeza de que disfrutar\u00e1n gloriosos d\u00edas con su nueva familia, a quienes no se les entrega un canino, se les entrega un compa\u00f1ero, un amigo que entreg\u00f3 su vida al servicio de todos nosotros\u201d.<\/p>\n<p>En la ceremonia estuvieron presentes la secretaria de Gobierno de Quer\u00e9taro, Guadalupe Murgu\u00eda, en representaci\u00f3n del gobernador Mauricio Kuri; el titular de la Secretar\u00eda de Seguridad P\u00fablica y Tr\u00e1nsito Municipal de El Marqu\u00e9s, Javier Cort\u00e9s; as\u00ed como Juan Carlos Vargas Le\u00f3n, director de Seguridad y Vigilancia de la CESPQ, adem\u00e1s de los grupos caninos de los municipios de Corregidora, El Marqu\u00e9s y el Comisi\u00f3n Estatal del Sistema Penitenciario de Quer\u00e9taro, que acompa\u00f1aron a los elementos caninos en su \u00faltimo pase de lista.<\/p>\n","protected":false},"excerpt":{"rendered":"<p>&nbsp; Esta ma\u00f1ana en las instalaciones del CeCyTEQ Plantel 9, ubicado en la comunidad de Montenegro, se llev\u00f3 a cabo la ceremonia de jubilaci\u00f3n de cinco elementos caninos pertenecientes a la unidad t\u00e1ctica K-9 de la Secretar\u00eda de Seguridad P\u00fablica Municipal de Quer\u00e9taro (SSPMQ), acto encabezado por el secretario Juan Luis Ferrusca, en representaci\u00f3n del alcalde Luis Bernardo Nava. Tras<\/p>\n<div class=\"h10\"><\/div>\n<p><a class=\"more-link2 flat\" href=\"https:\/\/elconspirador.com.mx\/?p=37640\">Leer m\u00e1s<\/a><\/p>\n","protected":false},"author":1,"featured_media":37641,"comment_status":"open","ping_status":"open","sticky":false,"template":"","format":"standard","meta":{"om_disable_all_campaigns":false,"_uf_show_specific_survey":0,"_uf_disable_surveys":false},"categories":[1],"tags":[],"aioseo_notices":[],"_links":{"self":[{"href":"https:\/\/elconspirador.com.mx\/index.php?rest_route=\/wp\/v2\/posts\/37640"}],"collection":[{"href":"https:\/\/elconspirador.com.mx\/index.php?rest_route=\/wp\/v2\/posts"}],"about":[{"href":"https:\/\/elconspirador.com.mx\/index.php?rest_route=\/wp\/v2\/types\/post"}],"author":[{"embeddable":true,"href":"https:\/\/elconspirador.com.mx\/index.php?rest_route=\/wp\/v2\/users\/1"}],"replies":[{"embeddable":true,"href":"https:\/\/elconspirador.com.mx\/index.php?rest_route=%2Fwp%2Fv2%2Fcomments&post=37640"}],"version-history":[{"count":1,"href":"https:\/\/elconspirador.com.mx\/index.php?rest_route=\/wp\/v2\/posts\/37640\/revisions"}],"predecessor-version":[{"id":37642,"href":"https:\/\/elconspirador.com.mx\/index.php?rest_route=\/wp\/v2\/posts\/37640\/revisions\/37642"}],"wp:featuredmedia":[{"embeddable":true,"href":"https:\/\/elconspirador.com.mx\/index.php?rest_route=\/wp\/v2\/media\/37641"}],"wp:attachment":[{"href":"https:\/\/elconspirador.com.mx\/index.php?rest_route=%2Fwp%2Fv2%2Fmedia&parent=37640"}],"wp:term":[{"taxonomy":"category","embeddable":true,"href":"https:\/\/elconspirador.com.mx\/index.php?rest_route=%2Fwp%2Fv2%2Fcategories&post=37640"},{"taxonomy":"post_tag","embeddable":true,"href":"https:\/\/elconspirador.com.mx\/index.php?rest_route=%2Fwp%2Fv2%2Ftags&post=37640"}],"curies":[{"name":"wp","href":"https:\/\/api.w.org\/{rel}","templated":true}]}}