{"id":37646,"date":"2023-11-27T21:02:03","date_gmt":"2023-11-28T03:02:03","guid":{"rendered":"https:\/\/elconspirador.com.mx\/?p=37646"},"modified":"2023-11-27T21:02:03","modified_gmt":"2023-11-28T03:02:03","slug":"centro-civico-se-ilumina-de-naranja","status":"publish","type":"post","link":"https:\/\/elconspirador.com.mx\/?p=37646","title":{"rendered":"CENTRO C\u00cdVICO SE ILUMINA DE NARANJA"},"content":{"rendered":"<p>&nbsp;<\/p>\n<p>En el marco del D\u00eda Internacional de la Eliminaci\u00f3n de la Violencia contra las Mujeres que se conmemor\u00f3 este 25 de noviembre, el Presidente Municipal de Quer\u00e9taro, Luis Nava, en compa\u00f1\u00eda de su esposa y Presidenta del Patronato del Sistema Municipal DIF, Arah\u00ed Dom\u00ednguez, realizaron el encendido de la fachada del Centro C\u00edvico en color naranja, y reiteraron el firme compromiso del municipio de eliminar la violencia desde la perspectiva de la prevenci\u00f3n, la atenci\u00f3n directa y el empoderamiento de las mujeres.<\/p>\n<p>Arah\u00ed Dom\u00ednguez se\u00f1al\u00f3 que la lucha por la no violencia nos involucra a todos y todas en un compromiso diario: &#8220;los invito a todos, desde nuestros hogares, de donde nos encontremos, podemos sumar a estas grandes iniciativas para construir como siempre una sociedad libre de violencia contra las mujeres&#8221; finaliz\u00f3.<\/p>\n<p>Por su parte, el Alcalde Luis Nava dijo que: \u201ctrabajamos para que las mujeres tengan una vida libre de violencia, trabajamos sobre sus entornos, sobre sus capacidades, previniendo, detectando y atendiendo casos de violencia. Este encendido es un s\u00edmbolo de ese compromiso que hoy refrendamos, para construir ese Quer\u00e9taro libre de violencia contra las mujeres, porque ese es el Quer\u00e9taro que tanto queremos\u201d.<\/p>\n<p>Agreg\u00f3 que la responsabilidad del Municipio radica no s\u00f3lo en no ejercer violencia, sino tambi\u00e9n en prevenir que otros la cometan o denunciar cuando se presenta, por lo que se han impulsado campa\u00f1as de concientizaci\u00f3n, impartido talleres, cteado la Direcci\u00f3n de Atenci\u00f3n a V\u00edctimas de Violencia Familiar y de G\u00e9nero, y se han fomentado herramientas tecnol\u00f3gicas de atenci\u00f3n como aplicaciones y l\u00edneas telef\u00f3nicas, adem\u00e1s de la puesta en marcha del programa Con Ellas y la Universidad de las Mujeres.<\/p>\n","protected":false},"excerpt":{"rendered":"<p>&nbsp; En el marco del D\u00eda Internacional de la Eliminaci\u00f3n de la Violencia contra las Mujeres que se conmemor\u00f3 este 25 de noviembre, el Presidente Municipal de Quer\u00e9taro, Luis Nava, en compa\u00f1\u00eda de su esposa y Presidenta del Patronato del Sistema Municipal DIF, Arah\u00ed Dom\u00ednguez, realizaron el encendido de la fachada del Centro C\u00edvico en color naranja, y reiteraron el<\/p>\n<div class=\"h10\"><\/div>\n<p><a class=\"more-link2 flat\" href=\"https:\/\/elconspirador.com.mx\/?p=37646\">Leer m\u00e1s<\/a><\/p>\n","protected":false},"author":1,"featured_media":37647,"comment_status":"open","ping_status":"open","sticky":false,"template":"","format":"standard","meta":{"om_disable_all_campaigns":false,"_uf_show_specific_survey":0,"_uf_disable_surveys":false},"categories":[1],"tags":[],"aioseo_notices":[],"_links":{"self":[{"href":"https:\/\/elconspirador.com.mx\/index.php?rest_route=\/wp\/v2\/posts\/37646"}],"collection":[{"href":"https:\/\/elconspirador.com.mx\/index.php?rest_route=\/wp\/v2\/posts"}],"about":[{"href":"https:\/\/elconspirador.com.mx\/index.php?rest_route=\/wp\/v2\/types\/post"}],"author":[{"embeddable":true,"href":"https:\/\/elconspirador.com.mx\/index.php?rest_route=\/wp\/v2\/users\/1"}],"replies":[{"embeddable":true,"href":"https:\/\/elconspirador.com.mx\/index.php?rest_route=%2Fwp%2Fv2%2Fcomments&post=37646"}],"version-history":[{"count":1,"href":"https:\/\/elconspirador.com.mx\/index.php?rest_route=\/wp\/v2\/posts\/37646\/revisions"}],"predecessor-version":[{"id":37648,"href":"https:\/\/elconspirador.com.mx\/index.php?rest_route=\/wp\/v2\/posts\/37646\/revisions\/37648"}],"wp:featuredmedia":[{"embeddable":true,"href":"https:\/\/elconspirador.com.mx\/index.php?rest_route=\/wp\/v2\/media\/37647"}],"wp:attachment":[{"href":"https:\/\/elconspirador.com.mx\/index.php?rest_route=%2Fwp%2Fv2%2Fmedia&parent=37646"}],"wp:term":[{"taxonomy":"category","embeddable":true,"href":"https:\/\/elconspirador.com.mx\/index.php?rest_route=%2Fwp%2Fv2%2Fcategories&post=37646"},{"taxonomy":"post_tag","embeddable":true,"href":"https:\/\/elconspirador.com.mx\/index.php?rest_route=%2Fwp%2Fv2%2Ftags&post=37646"}],"curies":[{"name":"wp","href":"https:\/\/api.w.org\/{rel}","templated":true}]}}