{"id":37649,"date":"2023-11-28T06:49:47","date_gmt":"2023-11-28T12:49:47","guid":{"rendered":"https:\/\/elconspirador.com.mx\/?p=37649"},"modified":"2023-11-28T06:49:47","modified_gmt":"2023-11-28T12:49:47","slug":"auto-cae-desde-un-tercer-piso","status":"publish","type":"post","link":"https:\/\/elconspirador.com.mx\/?p=37649","title":{"rendered":"AUTO CAE DESDE UN TERCER PISO"},"content":{"rendered":"<p>Cuatro personas entre ellas un menor, resultaron lesionados al quedar atrapados dentro de su veh\u00edculo que cay\u00f3 desde aproximadamente doce metros, luego de que su conductor aparentemente se equivocara de velocidad en su transmisi\u00f3n.<\/p>\n<p>El accidente tuvo como escenario uno de los pisos del estacionamiento adjunto a la torre m\u00e9dica H+, desde donde la unidad protagonista cay\u00f3 al fondo del patio de una guarder\u00eda del IMSS, en la cual afortunadamente ya no se encontraba ning\u00fan menor.<\/p>\n<p>Al momento del hecho, dem\u00e1s automovilistas y peatones que se encontraban en el lugar auxiliaron a los tripulantes del auto, quienes resultaron con algunas lesiones que para su fortuna no pusieron en riesgo su integridad.<\/p>\n<p>Personal de bomberos y de protecci\u00f3n civil se dieron cita en el lugar para evaluar posibles riesgos de escurrimientos de combustible, as\u00ed como afectaciones a la infraestructura del inmueble, y lo ocasionado a la guarder\u00eda.<\/p>\n<p>Mientras elementos de la polic\u00eda municipal tomaron conocimiento del hecho y coordinaron lo necesario para extraer la unidad involucrada, as\u00ed como iniciar lo necesario para la reparaci\u00f3n de los da\u00f1os.<\/p>\n","protected":false},"excerpt":{"rendered":"<p>Cuatro personas entre ellas un menor, resultaron lesionados al quedar atrapados dentro de su veh\u00edculo que cay\u00f3 desde aproximadamente doce metros, luego de que su conductor aparentemente se equivocara de velocidad en su transmisi\u00f3n. El accidente tuvo como escenario uno de los pisos del estacionamiento adjunto a la torre m\u00e9dica H+, desde donde la unidad protagonista cay\u00f3 al fondo del<\/p>\n<div class=\"h10\"><\/div>\n<p><a class=\"more-link2 flat\" href=\"https:\/\/elconspirador.com.mx\/?p=37649\">Leer m\u00e1s<\/a><\/p>\n","protected":false},"author":1,"featured_media":37650,"comment_status":"open","ping_status":"open","sticky":false,"template":"","format":"standard","meta":{"om_disable_all_campaigns":false,"_uf_show_specific_survey":0,"_uf_disable_surveys":false},"categories":[1],"tags":[],"aioseo_notices":[],"_links":{"self":[{"href":"https:\/\/elconspirador.com.mx\/index.php?rest_route=\/wp\/v2\/posts\/37649"}],"collection":[{"href":"https:\/\/elconspirador.com.mx\/index.php?rest_route=\/wp\/v2\/posts"}],"about":[{"href":"https:\/\/elconspirador.com.mx\/index.php?rest_route=\/wp\/v2\/types\/post"}],"author":[{"embeddable":true,"href":"https:\/\/elconspirador.com.mx\/index.php?rest_route=\/wp\/v2\/users\/1"}],"replies":[{"embeddable":true,"href":"https:\/\/elconspirador.com.mx\/index.php?rest_route=%2Fwp%2Fv2%2Fcomments&post=37649"}],"version-history":[{"count":1,"href":"https:\/\/elconspirador.com.mx\/index.php?rest_route=\/wp\/v2\/posts\/37649\/revisions"}],"predecessor-version":[{"id":37651,"href":"https:\/\/elconspirador.com.mx\/index.php?rest_route=\/wp\/v2\/posts\/37649\/revisions\/37651"}],"wp:featuredmedia":[{"embeddable":true,"href":"https:\/\/elconspirador.com.mx\/index.php?rest_route=\/wp\/v2\/media\/37650"}],"wp:attachment":[{"href":"https:\/\/elconspirador.com.mx\/index.php?rest_route=%2Fwp%2Fv2%2Fmedia&parent=37649"}],"wp:term":[{"taxonomy":"category","embeddable":true,"href":"https:\/\/elconspirador.com.mx\/index.php?rest_route=%2Fwp%2Fv2%2Fcategories&post=37649"},{"taxonomy":"post_tag","embeddable":true,"href":"https:\/\/elconspirador.com.mx\/index.php?rest_route=%2Fwp%2Fv2%2Ftags&post=37649"}],"curies":[{"name":"wp","href":"https:\/\/api.w.org\/{rel}","templated":true}]}}