{"id":37672,"date":"2023-11-28T12:48:33","date_gmt":"2023-11-28T18:48:33","guid":{"rendered":"https:\/\/elconspirador.com.mx\/?p=37672"},"modified":"2023-11-28T12:48:33","modified_gmt":"2023-11-28T18:48:33","slug":"reconocen-internacionalmente-al-aiq","status":"publish","type":"post","link":"https:\/\/elconspirador.com.mx\/?p=37672","title":{"rendered":"RECONOCEN INTERNACIONALMENTE AL AIQ"},"content":{"rendered":"<p class=\"s6\"><span class=\"s7\"><span class=\"bumpedFont15\">Durante su participaci\u00f3n en los premios<\/span><\/span> <span class=\"s15\"><span class=\"bumpedFont15\">CAPA <\/span><\/span><span class=\"s15\"><span class=\"bumpedFont15\">World<\/span><\/span><span class=\"s15\"><span class=\"bumpedFont15\">Aviation<\/span><\/span><span class=\"s15\"><span class=\"bumpedFont15\"> Summit &amp; <\/span><\/span><span class=\"s15\"><span class=\"bumpedFont15\">Awards<\/span><\/span> <span class=\"s15\"><span class=\"bumpedFont15\">for<\/span><\/span> <span class=\"s15\"><span class=\"bumpedFont15\">Excellence<\/span><\/span><span class=\"s7\"><span class=\"bumpedFont15\"> 2023,<\/span><\/span><span class=\"s7\"><span class=\"bumpedFont15\"> el <\/span><\/span><span class=\"s7\"><span class=\"bumpedFont15\">gobernador<\/span><\/span><span class=\"s7\"><span class=\"bumpedFont15\">, <\/span><\/span><span class=\"s7\"><span class=\"bumpedFont15\">Mauricio Kuri Gonz\u00e1lez,<\/span><\/span> <span class=\"s7\"><span class=\"bumpedFont15\">recibi\u00f3<\/span><\/span> <span class=\"s7\"><span class=\"bumpedFont15\">el galard\u00f3n que distingue al Aeropuerto Internacional de Quer\u00e9taro (<\/span><\/span><span class=\"s7\"><span class=\"bumpedFont15\">AIQ) como <\/span><\/span><span class=\"s7\"><span class=\"bumpedFont15\">el <\/span><\/span><span class=\"s7\"><span class=\"bumpedFont15\">\u201c<\/span><\/span><span class=\"s7\"><span class=\"bumpedFont15\">Aeropuerto Regional del <\/span><\/span><span class=\"s7\"><span class=\"bumpedFont15\">A\u00f1o\u201d<\/span><\/span><span class=\"s7\"><span class=\"bumpedFont15\">. <\/span><\/span><\/p>\n<p class=\"s6\">\n<p class=\"s6\"><span class=\"s7\"><span class=\"bumpedFont15\">Mauricio Kuri record\u00f3 que <\/span><\/span><span class=\"s7\"><span class=\"bumpedFont15\">el <\/span><\/span><span class=\"s7\"><span class=\"bumpedFont15\">aeropuerto <\/span><\/span><span class=\"s7\"><span class=\"bumpedFont15\">cumpli\u00f3 <\/span><\/span><span class=\"s7\"><span class=\"bumpedFont15\">este mes 19 a\u00f1os<\/span><\/span><span class=\"s7\"><span class=\"bumpedFont15\">,<\/span><\/span><span class=\"s7\"><span class=\"bumpedFont15\"> y <\/span><\/span><span class=\"s7\"><span class=\"bumpedFont15\">a las celebraciones se suma <\/span><\/span><span class=\"s7\"><span class=\"bumpedFont15\">esta distinci\u00f3n<\/span><\/span><span class=\"s7\"><span class=\"bumpedFont15\"> hist\u00f3rica, la cual lo posiciona como el primero en el pa\u00eds en recibir este premio<\/span><\/span><span class=\"s7\"><span class=\"bumpedFont15\">,<\/span><\/span><span class=\"s7\"><span class=\"bumpedFont15\"> mis<\/span><\/span><span class=\"s7\"><span class=\"bumpedFont15\">mo<\/span><\/span><span class=\"s7\"><span class=\"bumpedFont15\"> que <\/span><\/span><span class=\"s7\"><span class=\"bumpedFont15\">no solo resalta el \u00e9xito del AIQ, sino tambi\u00e9n su contribuci\u00f3n al posicionamiento del estado como un importante centro de negocios y destino tur\u00edstico.<\/span><\/span><\/p>\n<p class=\"s6\">\n<p class=\"s6\"><span class=\"s7\"><span class=\"bumpedFont15\">\u201cEn este aniversario nos est\u00e1n dando un gran reconocimiento, por una gran instituci\u00f3n que se llama CAPA, una instituci\u00f3n que ve todos los aeropuertos de todos los tama\u00f1os. En aeropuertos de menor de 10 millones de pasajeros, nos est\u00e1n dando el primer lugar en este reconocimiento, lo cual nos ayuda much\u00edsimo para seguir atrayendo inversi\u00f3n a Quer\u00e9taro\u201d<\/span><\/span><span class=\"s7\"><span class=\"bumpedFont15\">, apunt\u00f3. <\/span><\/span><\/p>\n<p class=\"s6\">\n<p class=\"s6\"><span class=\"s7\"><span class=\"bumpedFont15\">La elecci\u00f3n del Aeropuerto Internacional de Quer\u00e9taro se basa en su excepcional desempe\u00f1o en diversas \u00e1reas clave, que incluyen tasas consistentemente altas de crecimiento de pasajeros, innovaci\u00f3n en el desarrollo de rutas nacionales e internacionales, inversiones significativas en infraestructura a corto, mediano y largo plazo, adem\u00e1s de su destacada conectividad estrat\u00e9gica y ubicaci\u00f3n privilegiada en <\/span><\/span><span class=\"s7\"><span class=\"bumpedFont15\">M\u00e9xico.<\/span><\/span><\/p>\n<p class=\"s6\">\n<p class=\"s6\"><span class=\"s7\"><span class=\"bumpedFont15\">Es de resaltar<\/span><\/span><span class=\"s7\"><span class=\"bumpedFont15\"> que en <\/span><\/span><span class=\"s7\"><span class=\"bumpedFont15\">t\u00e9rminos de movilizaci\u00f3n de carga, el aeropuerto ha experimentado un exitoso crecimiento, manteni\u00e9ndose en el segundo lugar a nivel pa\u00eds en carga nacional y en el quinto lugar en carga internacional.<\/span><\/span><\/p>\n<p class=\"s6\">\n<p class=\"s6\"><span class=\"s7\"><span class=\"bumpedFont15\">Aunado a esto, su<\/span><\/span> <span class=\"s7\"><span class=\"bumpedFont15\">capacidad innovadora durante la recuperaci\u00f3n<\/span><\/span><span class=\"s7\"><span class=\"bumpedFont15\">, as\u00ed como el <\/span><\/span><span class=\"s7\"><span class=\"bumpedFont15\">firme compromiso <\/span><\/span><span class=\"s7\"><span class=\"bumpedFont15\">de sus representantes <\/span><\/span><span class=\"s7\"><span class=\"bumpedFont15\">para mejorar el desempe\u00f1o<\/span><\/span><span class=\"s7\"><span class=\"bumpedFont15\">, <\/span><\/span><span class=\"s7\"><span class=\"bumpedFont15\">lo han posicionado como uno de los l\u00edderes de la <\/span><\/span><span class=\"s7\"><span class=\"bumpedFont15\">pospandemia<\/span><\/span><span class=\"s7\"><span class=\"bumpedFont15\"> en el mercado de la aviaci\u00f3n en M\u00e9xico.<\/span><\/span><\/p>\n<p class=\"s6\">\n<p class=\"s6\"><span class=\"s7\"><span class=\"bumpedFont15\">Cabe<\/span><\/span><span class=\"s7\"><span class=\"bumpedFont15\"> mencionar<\/span><\/span><span class=\"s7\"><span class=\"bumpedFont15\"> que el <\/span><\/span><span class=\"s7\"><span class=\"bumpedFont15\">tr\u00e1fico en el aeropuerto se recuper\u00f3 por completo antes de concluir el a\u00f1o 2022, y para mediados de 2023, el transporte de pasajeros ya hab\u00eda superado los niveles registrados en 2019.<\/span><\/span><\/p>\n<p class=\"s6\">\n<p class=\"s6\"><span class=\"s7\"><span class=\"bumpedFont15\">Adem\u00e1s de su impacto en la aviaci\u00f3n, el AIQ desempe\u00f1a un papel fundamental en el desarrollo econ\u00f3mico y tur\u00edstico para el estado de Quer\u00e9taro y el resto del pa\u00eds, al crear conexiones con los mercados m\u00e1s relevantes de M\u00e9xico y Estados Unidos.<\/span><\/span><\/p>\n<p class=\"s6\">\n<p class=\"s6\"><span class=\"s7\"><span class=\"bumpedFont15\">Vale la pena se\u00f1alar <\/span><\/span><span class=\"s7\"><span class=\"bumpedFont15\">que el Aeropuerto Internacional de Quer\u00e9taro <\/span><\/span><span class=\"s7\"><span class=\"bumpedFont15\">tambi\u00e9n ha sido galardonado por su destacada labor en mercadotecnia y sustentabilidad, reafirmando su compromiso con el medio ambiente, proyect\u00e1ndose no solo como un l\u00edder en la industria aeroportuaria, sino tambi\u00e9n como un ejemplo a seguir en pr\u00e1cticas responsables y sostenibles.<\/span><\/span><\/p>\n<p class=\"s6\">\n<p class=\"s6\"><span class=\"s7\"><span class=\"bumpedFont15\">Al respecto, el gobierno que encabeza Mauricio Kuri ha puesto en marcha distintas acciones, entre las que destacan <\/span><\/span><span class=\"s7\"><span class=\"bumpedFont15\">colaboraciones con instituciones como la <\/span><\/span><span class=\"s7\"><span class=\"bumpedFont15\">Universidad Aeron\u00e1utica en Quer\u00e9taro (UNAQ) <\/span><\/span><span class=\"s7\"><span class=\"bumpedFont15\">y COMEA para la generaci\u00f3n de <\/span><\/span><span class=\"s7\"><span class=\"bumpedFont15\">biocombustible<\/span><\/span><span class=\"s7\"><span class=\"bumpedFont15\">, as\u00ed como <\/span><\/span><span class=\"s7\"><span class=\"bumpedFont15\">el impulso <\/span><\/span><span class=\"s7\"><span class=\"bumpedFont15\">a programas <\/span><\/span><span class=\"s7\"><span class=\"bumpedFont15\">rel<\/span><\/span><span class=\"s7\"><span class=\"bumpedFont15\">acionados con la <\/span><\/span><span class=\"s7\"><span class=\"bumpedFont15\">descarbonizaci\u00f3<\/span><\/span><span class=\"s7\"><span class=\"bumpedFont15\">n<\/span><\/span><span class=\"s7\"><span class=\"bumpedFont15\">. <\/span><\/span><\/p>\n<p class=\"s6\">\n<p class=\"s6\"><span class=\"s7\"><span class=\"bumpedFont15\">El AIQ inici\u00f3 operaciones en 2004, <\/span><\/span><span class=\"s7\"><span class=\"bumpedFont15\">y al paso de los a<\/span><\/span><span class=\"s7\"><span class=\"bumpedFont15\">\u00f1os ha<\/span><\/span> <span class=\"s7\"><span class=\"bumpedFont15\">presentado<\/span><\/span><span class=\"s7\"><span class=\"bumpedFont15\"> cambios y ampliaciones que <\/span><\/span><span class=\"s7\"><span class=\"bumpedFont15\">actualmente lo posicionan como <\/span><\/span><span class=\"s7\"><span class=\"bumpedFont15\">uno de los m\u00e1s competitivos de <\/span><\/span><span class=\"s7\"><span class=\"bumpedFont15\">la regi\u00f3n<\/span><\/span> <span class=\"s7\"><span class=\"bumpedFont15\">Baj\u00edo<\/span><\/span><span class=\"s7\"><span class=\"bumpedFont15\">, en M\u00e9xico<\/span><\/span><span class=\"s7\"><span class=\"bumpedFont15\">; este 2023 <\/span><\/span><span class=\"s7\"><span class=\"bumpedFont15\">se <\/span><\/span><span class=\"s7\"><span class=\"bumpedFont15\">dio inicio a la ampliaci\u00f3n de<\/span><\/span><span class=\"s7\"><span class=\"bumpedFont15\">l edificio de<\/span><\/span><span class=\"s7\"><span class=\"bumpedFont15\"> la termina<\/span><\/span><span class=\"s7\"><span class=\"bumpedFont15\">l<\/span><\/span><span class=\"s7\"><span class=\"bumpedFont15\">2<\/span><\/span><span class=\"s7\"><span class=\"bumpedFont15\">, que a su conclusi\u00f3n <\/span><\/span><span class=\"s7\"><span class=\"bumpedFont15\">podr\u00e1 recibir <\/span><\/span><span class=\"s7\"><span class=\"bumpedFont15\">a m\u00e1s de dos millones de pasajeros al a\u00f1o. <\/span><\/span><\/p>\n<p class=\"s6\">\n<p class=\"s6\"><span class=\"s7\"><span class=\"bumpedFont15\">La ceremonia de premiaci<\/span><\/span><span class=\"s7\"><span class=\"bumpedFont15\">\u00f3n tuvo lugar en<\/span><\/span><span class=\"s7\"><span class=\"bumpedFont15\"> Abu <\/span><\/span><span class=\"s7\"><span class=\"bumpedFont15\">Dhabi<\/span><\/span><span class=\"s7\"><span class=\"bumpedFont15\">, Emiratos \u00c1rabes Unidos,<\/span><\/span> <span class=\"s7\"><span class=\"bumpedFont15\">y acompa\u00f1aron al gobernador, el secretario de Desarrollo Sustentable, Marco Antonio Del <\/span><\/span><span class=\"s7\"><span class=\"bumpedFont15\">Prete<\/span><\/span><span class=\"s7\"><span class=\"bumpedFont15\"> Tercero; <\/span><\/span><span class=\"s7\"><span class=\"bumpedFont15\">el director del <\/span><\/span><span class=\"s7\"><span class=\"bumpedFont15\">AIQ, <\/span><\/span><span class=\"s7\"><span class=\"bumpedFont15\">Jorge Guti\u00e9rrez de Velasco Rodr\u00edguez<\/span><\/span><span class=\"s7\"><span class=\"bumpedFont15\"> y <\/span><\/span><span class=\"s7\"><span class=\"bumpedFont15\">el director comercial del AIQ, Juan Carlos Corbella Arreola.<\/span><\/span><\/p>\n","protected":false},"excerpt":{"rendered":"<p>Durante su participaci\u00f3n en los premios CAPA WorldAviation Summit &amp; Awards for Excellence 2023, el gobernador, Mauricio Kuri Gonz\u00e1lez, recibi\u00f3 el galard\u00f3n que distingue al Aeropuerto Internacional de Quer\u00e9taro (AIQ) como el \u201cAeropuerto Regional del A\u00f1o\u201d. Mauricio Kuri record\u00f3 que el aeropuerto cumpli\u00f3 este mes 19 a\u00f1os, y a las celebraciones se suma esta distinci\u00f3n hist\u00f3rica, la cual lo posiciona<\/p>\n<div class=\"h10\"><\/div>\n<p><a class=\"more-link2 flat\" href=\"https:\/\/elconspirador.com.mx\/?p=37672\">Leer m\u00e1s<\/a><\/p>\n","protected":false},"author":1,"featured_media":37673,"comment_status":"open","ping_status":"open","sticky":false,"template":"","format":"standard","meta":{"om_disable_all_campaigns":false,"_uf_show_specific_survey":0,"_uf_disable_surveys":false},"categories":[1],"tags":[],"aioseo_notices":[],"_links":{"self":[{"href":"https:\/\/elconspirador.com.mx\/index.php?rest_route=\/wp\/v2\/posts\/37672"}],"collection":[{"href":"https:\/\/elconspirador.com.mx\/index.php?rest_route=\/wp\/v2\/posts"}],"about":[{"href":"https:\/\/elconspirador.com.mx\/index.php?rest_route=\/wp\/v2\/types\/post"}],"author":[{"embeddable":true,"href":"https:\/\/elconspirador.com.mx\/index.php?rest_route=\/wp\/v2\/users\/1"}],"replies":[{"embeddable":true,"href":"https:\/\/elconspirador.com.mx\/index.php?rest_route=%2Fwp%2Fv2%2Fcomments&post=37672"}],"version-history":[{"count":1,"href":"https:\/\/elconspirador.com.mx\/index.php?rest_route=\/wp\/v2\/posts\/37672\/revisions"}],"predecessor-version":[{"id":37674,"href":"https:\/\/elconspirador.com.mx\/index.php?rest_route=\/wp\/v2\/posts\/37672\/revisions\/37674"}],"wp:featuredmedia":[{"embeddable":true,"href":"https:\/\/elconspirador.com.mx\/index.php?rest_route=\/wp\/v2\/media\/37673"}],"wp:attachment":[{"href":"https:\/\/elconspirador.com.mx\/index.php?rest_route=%2Fwp%2Fv2%2Fmedia&parent=37672"}],"wp:term":[{"taxonomy":"category","embeddable":true,"href":"https:\/\/elconspirador.com.mx\/index.php?rest_route=%2Fwp%2Fv2%2Fcategories&post=37672"},{"taxonomy":"post_tag","embeddable":true,"href":"https:\/\/elconspirador.com.mx\/index.php?rest_route=%2Fwp%2Fv2%2Ftags&post=37672"}],"curies":[{"name":"wp","href":"https:\/\/api.w.org\/{rel}","templated":true}]}}