{"id":37678,"date":"2023-11-28T20:59:18","date_gmt":"2023-11-29T02:59:18","guid":{"rendered":"https:\/\/elconspirador.com.mx\/?p=37678"},"modified":"2023-11-28T20:05:29","modified_gmt":"2023-11-29T02:05:29","slug":"muere-arrollado-en-paseo-de-la-republica","status":"publish","type":"post","link":"https:\/\/elconspirador.com.mx\/?p=37678","title":{"rendered":"MUERE ARROLLADO EN PASEO DE LA REP\u00daBLICA"},"content":{"rendered":"<p>Cerca del medio d\u00eda de este martes, un hombre perdi\u00f3 la vida de manera tr\u00e1gica, al ser arrollado por un veh\u00edculo cuando intent\u00f3 cruzar el Paseo de la Rep\u00fablica, a la altura del Anillo Vial Fray Junipero Serra.<\/p>\n<p>Seg\u00fan informaci\u00f3n recabada en el lugar, la v\u00edctima de aproximadamente 45 a\u00f1os de edad, qui\u00e9n presuntamente se encontraba bajo los influjos de bebidas embriagantes, intent\u00f3 cruzar la peligrosa vialidad sin conseguirlo, pues fue impactado y proyectado varios metros a la carpeta asf\u00e1ltica.<\/p>\n<p>Tras el reporte a la l\u00ednea de emergencias 911, al lugar se movilizaron param\u00e9dicos del Centro Regulador de Urgencias M\u00e9dicas y Protecci\u00f3n Civil, quienes a pesar de que le brindaron maniobras de RCP por varios minutos, no lograron salvarle la vida, debido a la gravedad de sus lesiones.<\/p>\n<p>Elementos de la polic\u00eda municipal y Guardia Nacional divisi\u00f3n carreteras, acudieron como primeros respondientes para tomar conocimiento del lamentable accidente y abanderar la zona, adem\u00e1s de informar a la Fiscal\u00eda del Estado.<\/p>\n<p>Personal de la Direcci\u00f3n de Servicios Periciales acudi\u00f3 a realizar el peritaje correspondiente y posterior levantamiento del cuerpo, para trasladarlo a las instalaciones del Servicio M\u00e9dico Forense, d\u00f3nde se le aplicar\u00e1 la necropsia de rigor.<\/p>\n","protected":false},"excerpt":{"rendered":"<p>Cerca del medio d\u00eda de este martes, un hombre perdi\u00f3 la vida de manera tr\u00e1gica, al ser arrollado por un veh\u00edculo cuando intent\u00f3 cruzar el Paseo de la Rep\u00fablica, a la altura del Anillo Vial Fray Junipero Serra. Seg\u00fan informaci\u00f3n recabada en el lugar, la v\u00edctima de aproximadamente 45 a\u00f1os de edad, qui\u00e9n presuntamente se encontraba bajo los influjos de<\/p>\n<div class=\"h10\"><\/div>\n<p><a class=\"more-link2 flat\" href=\"https:\/\/elconspirador.com.mx\/?p=37678\">Leer m\u00e1s<\/a><\/p>\n","protected":false},"author":1,"featured_media":37679,"comment_status":"open","ping_status":"open","sticky":false,"template":"","format":"standard","meta":{"om_disable_all_campaigns":false,"_uf_show_specific_survey":0,"_uf_disable_surveys":false},"categories":[1],"tags":[],"aioseo_notices":[],"_links":{"self":[{"href":"https:\/\/elconspirador.com.mx\/index.php?rest_route=\/wp\/v2\/posts\/37678"}],"collection":[{"href":"https:\/\/elconspirador.com.mx\/index.php?rest_route=\/wp\/v2\/posts"}],"about":[{"href":"https:\/\/elconspirador.com.mx\/index.php?rest_route=\/wp\/v2\/types\/post"}],"author":[{"embeddable":true,"href":"https:\/\/elconspirador.com.mx\/index.php?rest_route=\/wp\/v2\/users\/1"}],"replies":[{"embeddable":true,"href":"https:\/\/elconspirador.com.mx\/index.php?rest_route=%2Fwp%2Fv2%2Fcomments&post=37678"}],"version-history":[{"count":1,"href":"https:\/\/elconspirador.com.mx\/index.php?rest_route=\/wp\/v2\/posts\/37678\/revisions"}],"predecessor-version":[{"id":37680,"href":"https:\/\/elconspirador.com.mx\/index.php?rest_route=\/wp\/v2\/posts\/37678\/revisions\/37680"}],"wp:featuredmedia":[{"embeddable":true,"href":"https:\/\/elconspirador.com.mx\/index.php?rest_route=\/wp\/v2\/media\/37679"}],"wp:attachment":[{"href":"https:\/\/elconspirador.com.mx\/index.php?rest_route=%2Fwp%2Fv2%2Fmedia&parent=37678"}],"wp:term":[{"taxonomy":"category","embeddable":true,"href":"https:\/\/elconspirador.com.mx\/index.php?rest_route=%2Fwp%2Fv2%2Fcategories&post=37678"},{"taxonomy":"post_tag","embeddable":true,"href":"https:\/\/elconspirador.com.mx\/index.php?rest_route=%2Fwp%2Fv2%2Ftags&post=37678"}],"curies":[{"name":"wp","href":"https:\/\/api.w.org\/{rel}","templated":true}]}}