{"id":37684,"date":"2023-11-28T15:36:58","date_gmt":"2023-11-28T21:36:58","guid":{"rendered":"https:\/\/elconspirador.com.mx\/?p=37684"},"modified":"2023-11-28T15:36:58","modified_gmt":"2023-11-28T21:36:58","slug":"alistan-expo-de-artes-y-oficios-en-la-capital","status":"publish","type":"post","link":"https:\/\/elconspirador.com.mx\/?p=37684","title":{"rendered":"ALISTAN EXPO DE ARTES Y OFICIOS EN LA CAPITAL"},"content":{"rendered":"<p>El pr\u00f3ximo 1 de diciembre se llevar\u00e1 a cabo la \u00faltima Expo de artes y oficios del municipio de Quer\u00e9taro, inform\u00f3 Daesy Hinojosa Rosas, directora del Instituto de Artes y Oficios de la capital.<\/p>\n<p>En rueda de prensa, indic\u00f3 que la Expo comenzar\u00e1 a las 18:00 horas en la delegaci\u00f3n Centro Hist\u00f3rico, en la que participar\u00e1n alumnos que tomaron los talleres de chocolater\u00eda artesanal, reposter\u00eda, resina epoxi, vitrales y emplomados, corte y confecci\u00f3n de alta costura, carpinter\u00eda, bolsa artesanal, peluquer\u00eda y barber\u00eda profesional, u\u00f1as acr\u00edlicas, amigurumis y tejido, herrer\u00eda art\u00edstica, cosmetolog\u00eda, gelatina art\u00edstica y queratina.<\/p>\n<p>Hinojosa Rosas detall\u00f3 que el objetivo del evento es que los estudiantes puedan ofertar sus servicios de maquillaje, peinado, peluquer\u00eda, y barber\u00eda sin costo, adem\u00e1s de que habr\u00e1 una pasarela de corte y confecci\u00f3n y alta costura.<\/p>\n<p>La funcionaria se\u00f1al\u00f3 que, en el \u00faltimo trimestre, se inscribieron tres mil 535 usuarios a los talleres del Instituto de Artes y Oficios, tanto en la sede de Epigmenio Gonz\u00e1lez y Felipe Carrillo Puerto, adem\u00e1s de que 60 personas han emprendido tras los talleres tomados.<\/p>\n","protected":false},"excerpt":{"rendered":"<p>El pr\u00f3ximo 1 de diciembre se llevar\u00e1 a cabo la \u00faltima Expo de artes y oficios del municipio de Quer\u00e9taro, inform\u00f3 Daesy Hinojosa Rosas, directora del Instituto de Artes y Oficios de la capital. En rueda de prensa, indic\u00f3 que la Expo comenzar\u00e1 a las 18:00 horas en la delegaci\u00f3n Centro Hist\u00f3rico, en la que participar\u00e1n alumnos que tomaron los<\/p>\n<div class=\"h10\"><\/div>\n<p><a class=\"more-link2 flat\" href=\"https:\/\/elconspirador.com.mx\/?p=37684\">Leer m\u00e1s<\/a><\/p>\n","protected":false},"author":1,"featured_media":37685,"comment_status":"open","ping_status":"open","sticky":false,"template":"","format":"standard","meta":{"om_disable_all_campaigns":false,"_uf_show_specific_survey":0,"_uf_disable_surveys":false},"categories":[1],"tags":[],"aioseo_notices":[],"_links":{"self":[{"href":"https:\/\/elconspirador.com.mx\/index.php?rest_route=\/wp\/v2\/posts\/37684"}],"collection":[{"href":"https:\/\/elconspirador.com.mx\/index.php?rest_route=\/wp\/v2\/posts"}],"about":[{"href":"https:\/\/elconspirador.com.mx\/index.php?rest_route=\/wp\/v2\/types\/post"}],"author":[{"embeddable":true,"href":"https:\/\/elconspirador.com.mx\/index.php?rest_route=\/wp\/v2\/users\/1"}],"replies":[{"embeddable":true,"href":"https:\/\/elconspirador.com.mx\/index.php?rest_route=%2Fwp%2Fv2%2Fcomments&post=37684"}],"version-history":[{"count":1,"href":"https:\/\/elconspirador.com.mx\/index.php?rest_route=\/wp\/v2\/posts\/37684\/revisions"}],"predecessor-version":[{"id":37686,"href":"https:\/\/elconspirador.com.mx\/index.php?rest_route=\/wp\/v2\/posts\/37684\/revisions\/37686"}],"wp:featuredmedia":[{"embeddable":true,"href":"https:\/\/elconspirador.com.mx\/index.php?rest_route=\/wp\/v2\/media\/37685"}],"wp:attachment":[{"href":"https:\/\/elconspirador.com.mx\/index.php?rest_route=%2Fwp%2Fv2%2Fmedia&parent=37684"}],"wp:term":[{"taxonomy":"category","embeddable":true,"href":"https:\/\/elconspirador.com.mx\/index.php?rest_route=%2Fwp%2Fv2%2Fcategories&post=37684"},{"taxonomy":"post_tag","embeddable":true,"href":"https:\/\/elconspirador.com.mx\/index.php?rest_route=%2Fwp%2Fv2%2Ftags&post=37684"}],"curies":[{"name":"wp","href":"https:\/\/api.w.org\/{rel}","templated":true}]}}