{"id":37695,"date":"2023-11-28T18:06:25","date_gmt":"2023-11-29T00:06:25","guid":{"rendered":"https:\/\/elconspirador.com.mx\/?p=37695"},"modified":"2023-11-28T18:06:25","modified_gmt":"2023-11-29T00:06:25","slug":"entrega-el-marques-cultivos-forrajeros-a-productores-del-campo","status":"publish","type":"post","link":"https:\/\/elconspirador.com.mx\/?p=37695","title":{"rendered":"ENTREGA EL MARQU\u00c9S CULTIVOS FORRAJEROS A PRODUCTORES DEL CAMPO"},"content":{"rendered":"<p>El municipio de El Marqu\u00e9s, a trav\u00e9s de la Secretar\u00eda de Desarrollo Agropecuario, llev\u00f3 a cabo la ejecuci\u00f3n del subprograma Impulso a la Producci\u00f3n de Cultivos Forrajeros, como parte del programa Fomento Agr\u00edcola, en la bodega de la Uni\u00f3n de Ejidos&#8221;Graciano S\u00e1nchez&#8221;.<\/p>\n<p>Este programa, en colaboraci\u00f3n con el INIFAP, busca fortalecer la actividad ganadera y el ingreso econ\u00f3mico de los productores, a trav\u00e9s de la entrega de semillas de Evo com\u00fan y Avena Chihuahua, as\u00ed como los fertilizantes DAP 18-46-00 y Urea.<\/p>\n<p>Los 135 beneficiarios de 18 ejidos recibieron un subsidio del 100% que equivale a una aportaci\u00f3n municipal de 996 mil 813 pesos.<\/p>\n<p>A trav\u00e9s de este programa, en coordinaci\u00f3n con el Instituto Nacional de Investigaciones Forestales, Agr\u00edcolas y Pecuarias (INIFAP), la administraci\u00f3n 2021-2024 apoya al campo durante el periodo de oto\u00f1o-invierno con semillas, fertilizantes y la siembra de 135 hect\u00e1reas bajo condiciones de riego, a fin de cubrir las necesidades de forrajes en las explotaciones ganaderas del municipio.<\/p>\n<p>En ese sentido, el secretario de Desarrollo Agropecuario, Alfonso Loredo G\u00f3mez, destac\u00f3 que la inversi\u00f3n municipal se brinda a fin de beneficiar a los productores durante la temporada de oto\u00f1o-invierno y que los resultados de la siembra puedan servir para alimento del ganado o venta de pacas.<\/p>\n<p>&#8220;Nosotros con este tipo de apoyos, estamos logrando sostener o darle sustentabilidad a la actividad agropecuaria de nuestro municipio. Por eso es muy importante brindarle esta atenci\u00f3n a nuestros productores y creo que todo parte desde nuestra autoridad, del presidente municipal, Enrique Vega Carriles: \u00e9l ha entendido bien las necesidades que tiene el campo de El Marqu\u00e9s, por eso nosotros, dentro de la Secretar\u00eda de Desarrollo Agropecuario traemos programas encaminados a apoyar a todos nuestros productores&#8221;.<\/p>\n<p>Al evento acudieron el jefe de sitio experimental de Quer\u00e9taro (INIFAP), Ricardo Rivera V\u00e1zquez; el presidente de la Uni\u00f3n de Ejidos &#8220;Graciano S\u00e1nchez&#8221;, Arturo Gonz\u00e1lez Luna; y el representante de beneficiarios, Francisco Zendejas Rodr\u00edguez.<\/p>\n","protected":false},"excerpt":{"rendered":"<p>El municipio de El Marqu\u00e9s, a trav\u00e9s de la Secretar\u00eda de Desarrollo Agropecuario, llev\u00f3 a cabo la ejecuci\u00f3n del subprograma Impulso a la Producci\u00f3n de Cultivos Forrajeros, como parte del programa Fomento Agr\u00edcola, en la bodega de la Uni\u00f3n de Ejidos&#8221;Graciano S\u00e1nchez&#8221;. Este programa, en colaboraci\u00f3n con el INIFAP, busca fortalecer la actividad ganadera y el ingreso econ\u00f3mico de los<\/p>\n<div class=\"h10\"><\/div>\n<p><a class=\"more-link2 flat\" href=\"https:\/\/elconspirador.com.mx\/?p=37695\">Leer m\u00e1s<\/a><\/p>\n","protected":false},"author":1,"featured_media":37696,"comment_status":"open","ping_status":"open","sticky":false,"template":"","format":"standard","meta":{"om_disable_all_campaigns":false,"_uf_show_specific_survey":0,"_uf_disable_surveys":false},"categories":[1],"tags":[],"aioseo_notices":[],"_links":{"self":[{"href":"https:\/\/elconspirador.com.mx\/index.php?rest_route=\/wp\/v2\/posts\/37695"}],"collection":[{"href":"https:\/\/elconspirador.com.mx\/index.php?rest_route=\/wp\/v2\/posts"}],"about":[{"href":"https:\/\/elconspirador.com.mx\/index.php?rest_route=\/wp\/v2\/types\/post"}],"author":[{"embeddable":true,"href":"https:\/\/elconspirador.com.mx\/index.php?rest_route=\/wp\/v2\/users\/1"}],"replies":[{"embeddable":true,"href":"https:\/\/elconspirador.com.mx\/index.php?rest_route=%2Fwp%2Fv2%2Fcomments&post=37695"}],"version-history":[{"count":1,"href":"https:\/\/elconspirador.com.mx\/index.php?rest_route=\/wp\/v2\/posts\/37695\/revisions"}],"predecessor-version":[{"id":37697,"href":"https:\/\/elconspirador.com.mx\/index.php?rest_route=\/wp\/v2\/posts\/37695\/revisions\/37697"}],"wp:featuredmedia":[{"embeddable":true,"href":"https:\/\/elconspirador.com.mx\/index.php?rest_route=\/wp\/v2\/media\/37696"}],"wp:attachment":[{"href":"https:\/\/elconspirador.com.mx\/index.php?rest_route=%2Fwp%2Fv2%2Fmedia&parent=37695"}],"wp:term":[{"taxonomy":"category","embeddable":true,"href":"https:\/\/elconspirador.com.mx\/index.php?rest_route=%2Fwp%2Fv2%2Fcategories&post=37695"},{"taxonomy":"post_tag","embeddable":true,"href":"https:\/\/elconspirador.com.mx\/index.php?rest_route=%2Fwp%2Fv2%2Ftags&post=37695"}],"curies":[{"name":"wp","href":"https:\/\/api.w.org\/{rel}","templated":true}]}}